{"id":38171,"date":"2013-10-16T08:51:08","date_gmt":"2013-10-16T11:51:08","guid":{"rendered":"http:\/\/www.elsindical.com.ar\/notas\/?p=38171"},"modified":"2013-10-16T08:51:08","modified_gmt":"2013-10-16T11:51:08","slug":"en-la-tercera-parte-del-video-cabandie-insulta-a-la-policia-bonaerense","status":"publish","type":"post","link":"https:\/\/www.elsindical.com.ar\/notas\/en-la-tercera-parte-del-video-cabandie-insulta-a-la-policia-bonaerense\/","title":{"rendered":"En la tercera parte del video, Cabandi\u00e9 insulta a la Polic\u00eda Bonaerense"},"content":{"rendered":"<p><em><a href=\"http:\/\/www.elsindical.com.ar\/notas\/var\/www\/html\/notas\/wp-content\/uploads\/2013\/10\/Cabandi\u00e9-insultos.jpg\"><img loading=\"lazy\" decoding=\"async\" class=\"alignnone size-medium wp-image-38173\" alt=\"Cabandi\u00e9-insultos\" src=\"http:\/\/www.elsindical.com.ar\/notas\/var\/www\/html\/notas\/wp-content\/uploads\/2013\/10\/Cabandi\u00e9-insultos-300x245.jpg\" width=\"300\" height=\"245\" srcset=\"https:\/\/www.elsindical.com.ar\/notas\/var\/www\/html\/notas\/wp-content\/uploads\/2013\/10\/Cabandi\u00e9-insultos-300x245.jpg 300w, https:\/\/www.elsindical.com.ar\/notas\/var\/www\/html\/notas\/wp-content\/uploads\/2013\/10\/Cabandi\u00e9-insultos-367x300.jpg 367w, https:\/\/www.elsindical.com.ar\/notas\/var\/www\/html\/notas\/wp-content\/uploads\/2013\/10\/Cabandi\u00e9-insultos.jpg 531w\" sizes=\"auto, (max-width: 300px) 100vw, 300px\" \/><\/a>Esta ma\u00f1ana publicaron la tercera parte de la noche de furia que tuvo el legislador porte\u00f1o en Lomas de Zamora. Ayer, Mart\u00edn Insaurralde se despeg\u00f3 de su correligionario y dijo que\u00a0\u00abnunca maltratar\u00eda a una mujer\u00bb.<\/em><\/p>\n<p>Las malas noticias para Juan Cabandi\u00e9 no se detienen. Esta ma\u00f1ana, la cuenta de YouTube que difundi\u00f3 los dos primeros fragmentos del video donde se ve al legislador porte\u00f1o y primer candidato a diputado nacional en la Ciudad por el FPV amenazar a una oficial de tr\u00e1nsito subi\u00f3 una tercera parte.<\/p>\n<div>Se trata de unos breves seis segundos, en los que Cabandi\u00e9 dice, presumiblemente hablando con un gendarme: <b>\u00abLa formaci\u00f3n que tienen ustedes, a diferencia de los hijos de puta de la Polic\u00eda Bonaerense\u00bb.<\/b><\/div>\n<div><\/div>\n<div>En los anteriores videos, Cabandi\u00e9 <b>intentaba zafar de una multa de tr\u00e1nsito invocando su condici\u00f3n de hijo de desaparecidos y le dec\u00eda a la inspectora que intentaba labrarle el acta que era una \u00abdesubicadita\u00bb<\/b> y ped\u00eda por tel\u00e9fono que el intendente de Lomas de Zamora, Mart\u00edn Insaurralde, le aplicara \u00abun correctivo\u00bb, que luego se materializar\u00eda con su despido.<\/div>\n<div><\/div>\n<div>\n<div>Ayer, dos de los principales candidatos del kirchnerismo para estas elecciones, <b>Daniel Filmus<\/b>, aspirante a renovar su banca en el Senado por la Ciudad, y el propio<b> Insaurralde<\/b>, quien encabeza la lista de Diputados en la Provincia de Buenos Aires, salieron a despegarse de Cabandi\u00e9.<\/div>\n<div><\/div>\n<div>Tras reunirse con la joven oficial despedida, Bel\u00e9n Mosquera, de tan solo 22 a\u00f1os, Insaurralde dijo que su correligionario \u00abprocedi\u00f3 mal\u00bb y afirm\u00f3 que <b>\u00e9l \u00abnunca maltratar\u00eda a una mujer\u00bb<\/b>.<\/div>\n<div><\/div>\n<div>\u00abA mi entender no responde a una situaci\u00f3n normal,\u00a0es poco feliz la interpretaci\u00f3n que la da a la infracci\u00f3n y el trato a la inspectora\u00bb, dijo el intendente de Lomas de Zamora, quien adem\u00e1s revel\u00f3 que le ofreci\u00f3 a la joven reincorporarse a la fuerza.<\/div>\n<div><\/div>\n<div>Por su parte, Filmus dijo que el candidato \u00abno estuvo bien\u00bb, pero destac\u00f3 el pedido de disculpas que Cabandi\u00e9 le ofreci\u00f3 a la agente de tr\u00e1nsito <b>a trav\u00e9s de los medios<\/b>. M\u00e1s tarde, como invitado en el programa oficialista <i>Duro de Domar<\/i>, se mostr\u00f3 seguro que el episodio no afectar\u00e1 el resultado electoral del pr\u00f3ximo 27 de octubre.<\/div>\n<div><\/div>\n<div><b>\u00abNo creo que el impacto medi\u00e1tico va a ser igual respecto del voto\u00bb<\/b>, afirm\u00f3 el ex ministro de Educaci\u00f3n, quien a\u00f1adi\u00f3 que \u00abel que tenga una mirada cr\u00edtica, va a tener una mirada cr\u00edtica de lo que hizo Juan. Pero creo que el voto es para un proyecto s\u00f3lido\u00bb.<\/div>\n<\/div>\n<p><iframe loading=\"lazy\" src=\"\/\/www.youtube.com\/embed\/pS78JtYcr4o\" height=\"420\" width=\"580\" allowfullscreen=\"\" frameborder=\"0\"><\/iframe><\/p>\n","protected":false},"excerpt":{"rendered":"<p>Esta ma\u00f1ana publicaron la tercera parte de la noche de furia que tuvo el legislador porte\u00f1o en Lomas de Zamora. Ayer, Mart\u00edn Insaurralde se despeg\u00f3 de su correligionario y dijo que\u00a0\u00abnunca maltratar\u00eda a una mujer\u00bb. Las malas noticias para Juan Cabandi\u00e9 no se detienen. Esta ma\u00f1ana, la cuenta de YouTube que difundi\u00f3 los dos primeros&hellip;<\/p>\n","protected":false},"author":1,"featured_media":0,"comment_status":"open","ping_status":"open","sticky":false,"template":"","format":"standard","meta":{"footnotes":""},"categories":[25],"tags":[1130,322,6983,2180],"class_list":["post-38171","post","type-post","status-publish","format-standard","hentry","category-sociedad","tag-fpv","tag-insultos","tag-juan-cabandie","tag-martin-insaurralde"],"_links":{"self":[{"href":"https:\/\/www.elsindical.com.ar\/notas\/wp-json\/wp\/v2\/posts\/38171","targetHints":{"allow":["GET"]}}],"collection":[{"href":"https:\/\/www.elsindical.com.ar\/notas\/wp-json\/wp\/v2\/posts"}],"about":[{"href":"https:\/\/www.elsindical.com.ar\/notas\/wp-json\/wp\/v2\/types\/post"}],"author":[{"embeddable":true,"href":"https:\/\/www.elsindical.com.ar\/notas\/wp-json\/wp\/v2\/users\/1"}],"replies":[{"embeddable":true,"href":"https:\/\/www.elsindical.com.ar\/notas\/wp-json\/wp\/v2\/comments?post=38171"}],"version-history":[{"count":2,"href":"https:\/\/www.elsindical.com.ar\/notas\/wp-json\/wp\/v2\/posts\/38171\/revisions"}],"predecessor-version":[{"id":38174,"href":"https:\/\/www.elsindical.com.ar\/notas\/wp-json\/wp\/v2\/posts\/38171\/revisions\/38174"}],"wp:attachment":[{"href":"https:\/\/www.elsindical.com.ar\/notas\/wp-json\/wp\/v2\/media?parent=38171"}],"wp:term":[{"taxonomy":"category","embeddable":true,"href":"https:\/\/www.elsindical.com.ar\/notas\/wp-json\/wp\/v2\/categories?post=38171"},{"taxonomy":"post_tag","embeddable":true,"href":"https:\/\/www.elsindical.com.ar\/notas\/wp-json\/wp\/v2\/tags?post=38171"}],"curies":[{"name":"wp","href":"https:\/\/api.w.org\/{rel}","templated":true}]}}