{"id":38165,"date":"2013-10-16T00:31:54","date_gmt":"2013-10-16T03:31:54","guid":{"rendered":"http:\/\/www.elsindical.com.ar\/notas\/?p=38165"},"modified":"2013-10-16T00:31:54","modified_gmt":"2013-10-16T03:31:54","slug":"los-terrenos-del-barrio-4-de-febrero-ya-pertenecen-a-los-vecinos","status":"publish","type":"post","link":"https:\/\/www.elsindical.com.ar\/notas\/los-terrenos-del-barrio-4-de-febrero-ya-pertenecen-a-los-vecinos\/","title":{"rendered":"Los terrenos del \u201cBarrio 4 de Febrero\u201d ya pertenecen a los vecinos"},"content":{"rendered":"<p><em><a href=\"http:\/\/www.elsindical.com.ar\/notas\/var\/www\/html\/notas\/wp-content\/uploads\/2013\/10\/IMG_6680.jpg\"><img loading=\"lazy\" decoding=\"async\" class=\"alignnone size-medium wp-image-38166\" alt=\"IMG_6680\" src=\"http:\/\/www.elsindical.com.ar\/notas\/var\/www\/html\/notas\/wp-content\/uploads\/2013\/10\/IMG_6680-300x200.jpg\" width=\"300\" height=\"200\" srcset=\"https:\/\/www.elsindical.com.ar\/notas\/var\/www\/html\/notas\/wp-content\/uploads\/2013\/10\/IMG_6680-300x200.jpg 300w, https:\/\/www.elsindical.com.ar\/notas\/var\/www\/html\/notas\/wp-content\/uploads\/2013\/10\/IMG_6680-450x300.jpg 450w, https:\/\/www.elsindical.com.ar\/notas\/var\/www\/html\/notas\/wp-content\/uploads\/2013\/10\/IMG_6680.jpg 531w\" sizes=\"auto, (max-width: 300px) 100vw, 300px\" \/><\/a>La Municipalidad de Avellaneda adquiri\u00f3 el predio de Wilde, que ya fue adjudicado a los vecinos que viven all\u00ed.\u00a0<\/em><\/p>\n<p>En la ma\u00f1ana del s\u00e1bado 12 de octubre, el intendente de Avellaneda, ing. Jorge Ferraresi, realiz\u00f3 la entrega de actas de adjudicaci\u00f3n de las tierras del \u201cBarrio 4 de Febrero\u201d, ubicado entre las calles Echeverr\u00eda, Alte. Cordero y San Carlos, Wilde.<\/p>\n<p>Con un todo de acuerdo con la ordenanza municipal N\u00ba 23.325 y el decreto N\u00ba 3.160, se hizo entrega de 90 actas de adjudicaci\u00f3n, beneficiando de esta manera a las familias ocupantes de dicho predio.<\/p>\n<p>Cabe destacar que en el acto tambi\u00e9n estuvieron presentes la subsecretaria de Planificaci\u00f3n, arq. Magdalena Sierra de Ferraresi y el secretario de Legal y T\u00e9cnica, dr. Mariano Maltese.<\/p>\n","protected":false},"excerpt":{"rendered":"<p>La Municipalidad de Avellaneda adquiri\u00f3 el predio de Wilde, que ya fue adjudicado a los vecinos que viven all\u00ed.\u00a0 En la ma\u00f1ana del s\u00e1bado 12 de octubre, el intendente de Avellaneda, ing. Jorge Ferraresi, realiz\u00f3 la entrega de actas de adjudicaci\u00f3n de las tierras del \u201cBarrio 4 de Febrero\u201d, ubicado entre las calles Echeverr\u00eda, Alte.&hellip;<\/p>\n","protected":false},"author":1,"featured_media":0,"comment_status":"open","ping_status":"open","sticky":false,"template":"","format":"standard","meta":{"footnotes":""},"categories":[13],"tags":[17187,461,1062,882],"class_list":["post-38165","post","type-post","status-publish","format-standard","hentry","category-politica","tag-4-de-febrero","tag-avellaneda","tag-jorge-ferraresi","tag-wilde"],"_links":{"self":[{"href":"https:\/\/www.elsindical.com.ar\/notas\/wp-json\/wp\/v2\/posts\/38165","targetHints":{"allow":["GET"]}}],"collection":[{"href":"https:\/\/www.elsindical.com.ar\/notas\/wp-json\/wp\/v2\/posts"}],"about":[{"href":"https:\/\/www.elsindical.com.ar\/notas\/wp-json\/wp\/v2\/types\/post"}],"author":[{"embeddable":true,"href":"https:\/\/www.elsindical.com.ar\/notas\/wp-json\/wp\/v2\/users\/1"}],"replies":[{"embeddable":true,"href":"https:\/\/www.elsindical.com.ar\/notas\/wp-json\/wp\/v2\/comments?post=38165"}],"version-history":[{"count":1,"href":"https:\/\/www.elsindical.com.ar\/notas\/wp-json\/wp\/v2\/posts\/38165\/revisions"}],"predecessor-version":[{"id":38167,"href":"https:\/\/www.elsindical.com.ar\/notas\/wp-json\/wp\/v2\/posts\/38165\/revisions\/38167"}],"wp:attachment":[{"href":"https:\/\/www.elsindical.com.ar\/notas\/wp-json\/wp\/v2\/media?parent=38165"}],"wp:term":[{"taxonomy":"category","embeddable":true,"href":"https:\/\/www.elsindical.com.ar\/notas\/wp-json\/wp\/v2\/categories?post=38165"},{"taxonomy":"post_tag","embeddable":true,"href":"https:\/\/www.elsindical.com.ar\/notas\/wp-json\/wp\/v2\/tags?post=38165"}],"curies":[{"name":"wp","href":"https:\/\/api.w.org\/{rel}","templated":true}]}}