{"id":38162,"date":"2013-10-16T00:18:22","date_gmt":"2013-10-16T03:18:22","guid":{"rendered":"http:\/\/www.elsindical.com.ar\/notas\/?p=38162"},"modified":"2013-10-16T00:18:22","modified_gmt":"2013-10-16T03:18:22","slug":"alumnos-de-avellaneda-en-el-cierre-de-la-jornada-maneja-lo-que-tomas","status":"publish","type":"post","link":"https:\/\/www.elsindical.com.ar\/notas\/alumnos-de-avellaneda-en-el-cierre-de-la-jornada-maneja-lo-que-tomas\/","title":{"rendered":"Alumnos de Avellaneda en el cierre de la jornada \u201cManej\u00e1 lo que tom\u00e1s\u201d"},"content":{"rendered":"<p><em><a href=\"http:\/\/www.elsindical.com.ar\/notas\/var\/www\/html\/notas\/wp-content\/uploads\/2013\/10\/IMG_7325.jpg\"><img loading=\"lazy\" decoding=\"async\" class=\"alignnone size-medium wp-image-38163\" alt=\"IMG_7325\" src=\"http:\/\/www.elsindical.com.ar\/notas\/var\/www\/html\/notas\/wp-content\/uploads\/2013\/10\/IMG_7325-300x174.jpg\" width=\"300\" height=\"174\" srcset=\"https:\/\/www.elsindical.com.ar\/notas\/var\/www\/html\/notas\/wp-content\/uploads\/2013\/10\/IMG_7325-300x174.jpg 300w, https:\/\/www.elsindical.com.ar\/notas\/var\/www\/html\/notas\/wp-content\/uploads\/2013\/10\/IMG_7325-500x290.jpg 500w, https:\/\/www.elsindical.com.ar\/notas\/var\/www\/html\/notas\/wp-content\/uploads\/2013\/10\/IMG_7325.jpg 531w\" sizes=\"auto, (max-width: 300px) 100vw, 300px\" \/><\/a>Con la presencia del intendente Ferraresi, se proyectaron los trabajos realizados por los chicos para evitar el consumo abusivo de alcohol.\u00a0<\/em><\/p>\n<p>El jefe comunal de Avellaneda, ing. Jorge Ferraresi, particip\u00f3 el martes 15 de octubre del cierre de la jornada \u201cManej\u00e1 lo que tom\u00e1s\u201d que se realiz\u00f3 en la Casa del Bicentenario ante gran cantidad de alumnos que expusieron sus trabajos audiovisuales sobre la prevenci\u00f3n del consumo de alcohol.<\/p>\n<p>La actividad promueve condiciones para que los j\u00f3venes ejerzan su derecho a participar y lograr la comunicaci\u00f3n entre pares para la prevenci\u00f3n del consumo abusivo de alcohol. Consiste en talleres que tienen como objetivo generar un debate sobre las pol\u00edticas comunicacionales, compartir experiencias y herramientas de abordaje para estas cuestiones.<\/p>\n<p>\u201cEn este espacio los chicos son los protagonistas del taller y a la vez comunican el mensaje al resto de las escuelas\u201d, sostuvo Silvia Bacher, titular de la asociaci\u00f3n civil sin fines de lucro \u201cLas otras voces\u201d. \u201cUstedes pudieron compartir una mirada diferente respecto a sus derechos y a la vez mostrar que se puede disfrutar del tiempo libre de manera saludable\u201d, sigui\u00f3.<\/p>\n<p>Por su parte, el Defensor Oficial del Polo Judicial de Avellaneda, Dr. Luciano Noli, felicit\u00f3 a los participantes y a la actividad \u201cporque promueve el consumo responsable y la prevenci\u00f3n de la seguridad, propia y de terceros\u201d.<\/p>\n<p>Adem\u00e1s, el presidente de la Federaci\u00f3n de la Industria Licorista Argentina, Guillermo Padilla, dijo que \u201chay que insistir en la responsabilidad del consumo moderado. Para eso es muy importante trabajar sobre la educaci\u00f3n, generando m\u00e1s participaci\u00f3n y compromiso con producciones como las exhibidas\u201d.<\/p>\n<p>Para el cierre, el intendente Ferraresi subray\u00f3: \u201cEs muy bueno que se generen espacios de reflexi\u00f3n como estos porque adem\u00e1s de participar tambi\u00e9n se aprende\u201d. Tambi\u00e9n sostuvo que la prevenci\u00f3n es un tema complejo y representa un desaf\u00edo para los j\u00f3venes, a la vez que llam\u00f3 a combatir la problem\u00e1tica entre todos.<\/p>\n<p>Del acto tambi\u00e9n particip\u00f3 el rector de la Universidad Nacional de Avellaneda, ing. Jorge Calzoni.<\/p>\n<p>Sobre el final, las autoridades entregaron certificados a los establecimientos que participaron de la iniciativa: las secundarias N\u00ba 1, 2, 11, 12, 34, la\u00a0 Media N\u00ba 5, y los institutos Loreto y el Sara Eccleston.<\/p>\n","protected":false},"excerpt":{"rendered":"<p>Con la presencia del intendente Ferraresi, se proyectaron los trabajos realizados por los chicos para evitar el consumo abusivo de alcohol.\u00a0 El jefe comunal de Avellaneda, ing. Jorge Ferraresi, particip\u00f3 el martes 15 de octubre del cierre de la jornada \u201cManej\u00e1 lo que tom\u00e1s\u201d que se realiz\u00f3 en la Casa del Bicentenario ante gran cantidad&hellip;<\/p>\n","protected":false},"author":1,"featured_media":0,"comment_status":"open","ping_status":"open","sticky":false,"template":"","format":"standard","meta":{"footnotes":""},"categories":[3],"tags":[461,378,14059,17186],"class_list":["post-38162","post","type-post","status-publish","format-standard","hentry","category-capacitacion","tag-avellaneda","tag-jovenes","tag-luciano-noli","tag-silvia-bacher"],"_links":{"self":[{"href":"https:\/\/www.elsindical.com.ar\/notas\/wp-json\/wp\/v2\/posts\/38162","targetHints":{"allow":["GET"]}}],"collection":[{"href":"https:\/\/www.elsindical.com.ar\/notas\/wp-json\/wp\/v2\/posts"}],"about":[{"href":"https:\/\/www.elsindical.com.ar\/notas\/wp-json\/wp\/v2\/types\/post"}],"author":[{"embeddable":true,"href":"https:\/\/www.elsindical.com.ar\/notas\/wp-json\/wp\/v2\/users\/1"}],"replies":[{"embeddable":true,"href":"https:\/\/www.elsindical.com.ar\/notas\/wp-json\/wp\/v2\/comments?post=38162"}],"version-history":[{"count":1,"href":"https:\/\/www.elsindical.com.ar\/notas\/wp-json\/wp\/v2\/posts\/38162\/revisions"}],"predecessor-version":[{"id":38164,"href":"https:\/\/www.elsindical.com.ar\/notas\/wp-json\/wp\/v2\/posts\/38162\/revisions\/38164"}],"wp:attachment":[{"href":"https:\/\/www.elsindical.com.ar\/notas\/wp-json\/wp\/v2\/media?parent=38162"}],"wp:term":[{"taxonomy":"category","embeddable":true,"href":"https:\/\/www.elsindical.com.ar\/notas\/wp-json\/wp\/v2\/categories?post=38162"},{"taxonomy":"post_tag","embeddable":true,"href":"https:\/\/www.elsindical.com.ar\/notas\/wp-json\/wp\/v2\/tags?post=38162"}],"curies":[{"name":"wp","href":"https:\/\/api.w.org\/{rel}","templated":true}]}}