{"id":38159,"date":"2013-10-15T23:57:31","date_gmt":"2013-10-16T02:57:31","guid":{"rendered":"http:\/\/www.elsindical.com.ar\/notas\/?p=38159"},"modified":"2013-10-15T23:57:31","modified_gmt":"2013-10-16T02:57:31","slug":"gerli-celebro-el-primer-festival-para-la-victoria-la-tribu-de-mi-calle","status":"publish","type":"post","link":"https:\/\/www.elsindical.com.ar\/notas\/gerli-celebro-el-primer-festival-para-la-victoria-la-tribu-de-mi-calle\/","title":{"rendered":"Gerli celebr\u00f3 el Primer Festival Para la Victoria, \u201cLa Tribu de mi Calle\u201d"},"content":{"rendered":"<p><em><a href=\"http:\/\/www.elsindical.com.ar\/notas\/var\/www\/html\/notas\/wp-content\/uploads\/2013\/10\/festival-eva-peron.jpg\"><img loading=\"lazy\" decoding=\"async\" class=\"alignnone size-medium wp-image-38160\" alt=\"festival-eva-peron\" src=\"http:\/\/www.elsindical.com.ar\/notas\/var\/www\/html\/notas\/wp-content\/uploads\/2013\/10\/festival-eva-peron-300x200.jpg\" width=\"300\" height=\"200\" srcset=\"https:\/\/www.elsindical.com.ar\/notas\/var\/www\/html\/notas\/wp-content\/uploads\/2013\/10\/festival-eva-peron-300x200.jpg 300w, https:\/\/www.elsindical.com.ar\/notas\/var\/www\/html\/notas\/wp-content\/uploads\/2013\/10\/festival-eva-peron-448x300.jpg 448w, https:\/\/www.elsindical.com.ar\/notas\/var\/www\/html\/notas\/wp-content\/uploads\/2013\/10\/festival-eva-peron.jpg 531w\" sizes=\"auto, (max-width: 300px) 100vw, 300px\" \/><\/a>Cientos de vecinos pudieron disfrutar de una tarde al aire libre, con shows musicales y espect\u00e1culos art\u00edsticos con entrada libre y gratuita.\u00a0<\/em><\/p>\n<p>Se realiz\u00f3 la 1\u00ba edici\u00f3n del Festival Para la Victoria, \u201cLa Tribu de mi Calle\u201d, el s\u00e1bado 12 de Octubre, en Salta entre De La Serna y Carabelas, Gerli. All\u00ed, cientos de vecinos pudieron disfrutar de bandas musicales y shows art\u00edsticos con entrada libre y gratuita.<\/p>\n<p>Adem\u00e1s particip\u00f3 de la jornada la candidata a 1\u00ba concejal por el Frente Para la Victoria, Arq. Magdalena Ferraresi quien se dirigi\u00f3 a los vecinos presentes y remarc\u00f3 la importancia de\u00a0que \u201ctengan esta iniciativa de expresarse a trav\u00e9s de la cultura y de volver a las calles\u201d. Acompa\u00f1ando a la actual subsecretaria de Planificaci\u00f3n de la Municipalidad \u00a0estuvieron Manuela S\u00e1nchez y Sebasti\u00e1n Ramos,\u00a0quienes tambi\u00e9n integran la lista del FpV.<\/p>\n<p>En el cierre, se premi\u00f3 a los artistas m\u00e1s destacados, los cuales fueron elegidos por los vecinos.<\/p>\n<p>Vale destacar que el festival fue organizado por la agrupaci\u00f3n \u201cEva Per\u00f3n\u201d con la colaboraci\u00f3n de la\u00a0\u00a0Direcci\u00f3n de Ni\u00f1ez, Adolescencia y Familia, la Direcci\u00f3n de Ense\u00f1anza Art\u00edstica, la Delegaci\u00f3n Municipal Gerli y otras instituciones barriales.<\/p>\n","protected":false},"excerpt":{"rendered":"<p>Cientos de vecinos pudieron disfrutar de una tarde al aire libre, con shows musicales y espect\u00e1culos art\u00edsticos con entrada libre y gratuita.\u00a0 Se realiz\u00f3 la 1\u00ba edici\u00f3n del Festival Para la Victoria, \u201cLa Tribu de mi Calle\u201d, el s\u00e1bado 12 de Octubre, en Salta entre De La Serna y Carabelas, Gerli. All\u00ed, cientos de vecinos&hellip;<\/p>\n","protected":false},"author":1,"featured_media":0,"comment_status":"open","ping_status":"open","sticky":false,"template":"","format":"standard","meta":{"footnotes":""},"categories":[5],"tags":[],"class_list":["post-38159","post","type-post","status-publish","format-standard","hentry","category-cultura"],"_links":{"self":[{"href":"https:\/\/www.elsindical.com.ar\/notas\/wp-json\/wp\/v2\/posts\/38159","targetHints":{"allow":["GET"]}}],"collection":[{"href":"https:\/\/www.elsindical.com.ar\/notas\/wp-json\/wp\/v2\/posts"}],"about":[{"href":"https:\/\/www.elsindical.com.ar\/notas\/wp-json\/wp\/v2\/types\/post"}],"author":[{"embeddable":true,"href":"https:\/\/www.elsindical.com.ar\/notas\/wp-json\/wp\/v2\/users\/1"}],"replies":[{"embeddable":true,"href":"https:\/\/www.elsindical.com.ar\/notas\/wp-json\/wp\/v2\/comments?post=38159"}],"version-history":[{"count":1,"href":"https:\/\/www.elsindical.com.ar\/notas\/wp-json\/wp\/v2\/posts\/38159\/revisions"}],"predecessor-version":[{"id":38161,"href":"https:\/\/www.elsindical.com.ar\/notas\/wp-json\/wp\/v2\/posts\/38159\/revisions\/38161"}],"wp:attachment":[{"href":"https:\/\/www.elsindical.com.ar\/notas\/wp-json\/wp\/v2\/media?parent=38159"}],"wp:term":[{"taxonomy":"category","embeddable":true,"href":"https:\/\/www.elsindical.com.ar\/notas\/wp-json\/wp\/v2\/categories?post=38159"},{"taxonomy":"post_tag","embeddable":true,"href":"https:\/\/www.elsindical.com.ar\/notas\/wp-json\/wp\/v2\/tags?post=38159"}],"curies":[{"name":"wp","href":"https:\/\/api.w.org\/{rel}","templated":true}]}}