{"id":38142,"date":"2013-10-15T10:06:42","date_gmt":"2013-10-15T13:06:42","guid":{"rendered":"http:\/\/www.elsindical.com.ar\/notas\/?p=38142"},"modified":"2013-10-15T10:06:42","modified_gmt":"2013-10-15T13:06:42","slug":"denunciaron-a-insaurralde-y-cabandie-por-abuso-de-autoridad","status":"publish","type":"post","link":"https:\/\/www.elsindical.com.ar\/notas\/denunciaron-a-insaurralde-y-cabandie-por-abuso-de-autoridad\/","title":{"rendered":"Denunciaron a Insaurralde y Cabandi\u00e9 por abuso de autoridad"},"content":{"rendered":"<p><em><a href=\"http:\/\/www.elsindical.com.ar\/notas\/var\/www\/html\/notas\/wp-content\/uploads\/2013\/10\/Cabandi\u00e9-e-Insaurralde.jpg\"><img loading=\"lazy\" decoding=\"async\" class=\"alignnone size-medium wp-image-38143\" alt=\"Cabandi\u00e9-e-Insaurralde\" src=\"http:\/\/www.elsindical.com.ar\/notas\/var\/www\/html\/notas\/wp-content\/uploads\/2013\/10\/Cabandi\u00e9-e-Insaurralde-300x168.jpg\" width=\"300\" height=\"168\" srcset=\"https:\/\/www.elsindical.com.ar\/notas\/var\/www\/html\/notas\/wp-content\/uploads\/2013\/10\/Cabandi\u00e9-e-Insaurralde-300x168.jpg 300w, https:\/\/www.elsindical.com.ar\/notas\/var\/www\/html\/notas\/wp-content\/uploads\/2013\/10\/Cabandi\u00e9-e-Insaurralde-500x281.jpg 500w, https:\/\/www.elsindical.com.ar\/notas\/var\/www\/html\/notas\/wp-content\/uploads\/2013\/10\/Cabandi\u00e9-e-Insaurralde.jpg 531w\" sizes=\"auto, (max-width: 300px) 100vw, 300px\" \/><\/a>La presentaci\u00f3n fue realizada a t\u00edtulo personal por el abogado Santiago Nicol\u00e1s Dupuy de Lome. Dirigentes opositores tienen previsto realizar otras presentaciones similares. \u00a0La investigaci\u00f3n ser\u00e1 instrumentada por el Juez federal Sebasti\u00e1n Casanello.<\/em><\/p>\n<p>El esc\u00e1ndalo que involucra a Juan Cabandi\u00e9, Mart\u00edn Insaurralde y una ex agente de tr\u00e1nsito de Lomas de Zamora lleg\u00f3 a los tribunales federales. \u00a0Es que el abogado Santiago Nicol\u00e1s Dupuy de Lome present\u00f3 una denuncia a t\u00edtulo personal que recay\u00f3 en el juzgado de Sebasti\u00e1n Casanello. El Fiscal es Guillermo Marijuan.<\/p>\n<p>El letrado anunci\u00f3 en las redes sociales que esta ma\u00f1ana se present\u00f3 en los juzgados de Comodoro Py para denunciar por abuso de autoridad y violaci\u00f3n de los deberes de funcionario p\u00fablico a los principales candidatos del kirchnerismo en la Ciudad y en la provincia de Buenos Aires.<\/p>\n<p>\u00abEmpiezo con \u00e9l, sigo con Recalde, Wado y Ottavis. Todos delincuentes y cagones\u00bb, declar\u00f3 en su cuenta de Twitter en alusi\u00f3n a otros dirigentes de la C\u00e1mpora. En su perfil se muestra en una foto abrazado a Mauricio Macri.<\/p>\n<p>Otros dirigentes como Patricia Bullrich y Federico Pinedo tambi\u00e9n analizan medidas similares. Ayer, la l\u00edder de Uni\u00f3n por Todos le pidi\u00f3 al diputado del PRO que acompa\u00f1e un escrito que tiene previsto presentar en las pr\u00f3ximas horas.<\/p>\n<p>&nbsp;<\/p>\n","protected":false},"excerpt":{"rendered":"<p>La presentaci\u00f3n fue realizada a t\u00edtulo personal por el abogado Santiago Nicol\u00e1s Dupuy de Lome. Dirigentes opositores tienen previsto realizar otras presentaciones similares. \u00a0La investigaci\u00f3n ser\u00e1 instrumentada por el Juez federal Sebasti\u00e1n Casanello. El esc\u00e1ndalo que involucra a Juan Cabandi\u00e9, Mart\u00edn Insaurralde y una ex agente de tr\u00e1nsito de Lomas de Zamora lleg\u00f3 a los&hellip;<\/p>\n","protected":false},"author":1,"featured_media":0,"comment_status":"open","ping_status":"open","sticky":false,"template":"","format":"standard","meta":{"footnotes":""},"categories":[20],"tags":[175,6983,744,2180,17179],"class_list":["post-38142","post","type-post","status-publish","format-standard","hentry","category-judiciales","tag-denuncia","tag-juan-cabandie","tag-lomas-de-zamora","tag-martin-insaurralde","tag-santiago-nicolas-dupuy-de-lome"],"_links":{"self":[{"href":"https:\/\/www.elsindical.com.ar\/notas\/wp-json\/wp\/v2\/posts\/38142","targetHints":{"allow":["GET"]}}],"collection":[{"href":"https:\/\/www.elsindical.com.ar\/notas\/wp-json\/wp\/v2\/posts"}],"about":[{"href":"https:\/\/www.elsindical.com.ar\/notas\/wp-json\/wp\/v2\/types\/post"}],"author":[{"embeddable":true,"href":"https:\/\/www.elsindical.com.ar\/notas\/wp-json\/wp\/v2\/users\/1"}],"replies":[{"embeddable":true,"href":"https:\/\/www.elsindical.com.ar\/notas\/wp-json\/wp\/v2\/comments?post=38142"}],"version-history":[{"count":1,"href":"https:\/\/www.elsindical.com.ar\/notas\/wp-json\/wp\/v2\/posts\/38142\/revisions"}],"predecessor-version":[{"id":38144,"href":"https:\/\/www.elsindical.com.ar\/notas\/wp-json\/wp\/v2\/posts\/38142\/revisions\/38144"}],"wp:attachment":[{"href":"https:\/\/www.elsindical.com.ar\/notas\/wp-json\/wp\/v2\/media?parent=38142"}],"wp:term":[{"taxonomy":"category","embeddable":true,"href":"https:\/\/www.elsindical.com.ar\/notas\/wp-json\/wp\/v2\/categories?post=38142"},{"taxonomy":"post_tag","embeddable":true,"href":"https:\/\/www.elsindical.com.ar\/notas\/wp-json\/wp\/v2\/tags?post=38142"}],"curies":[{"name":"wp","href":"https:\/\/api.w.org\/{rel}","templated":true}]}}