{"id":38088,"date":"2013-10-12T14:17:23","date_gmt":"2013-10-12T17:17:23","guid":{"rendered":"http:\/\/www.elsindical.com.ar\/notas\/?p=38088"},"modified":"2013-10-12T14:17:23","modified_gmt":"2013-10-12T17:17:23","slug":"videola-increible-amenaza-de-juan-cabandie-a-efectivos-de-gendarmeria","status":"publish","type":"post","link":"https:\/\/www.elsindical.com.ar\/notas\/videola-increible-amenaza-de-juan-cabandie-a-efectivos-de-gendarmeria\/","title":{"rendered":"Video:La incre\u00edble amenaza de Juan Cabandi\u00e9 a efectivos de Gendarmer\u00eda"},"content":{"rendered":"<p><a href=\"http:\/\/www.elsindical.com.ar\/notas\/var\/www\/html\/notas\/wp-content\/uploads\/2013\/10\/Cabamdie-auto.jpg\"><img loading=\"lazy\" decoding=\"async\" class=\"alignnone size-medium wp-image-38089\" alt=\"Cabamdie-auto\" src=\"http:\/\/www.elsindical.com.ar\/notas\/var\/www\/html\/notas\/wp-content\/uploads\/2013\/10\/Cabamdie-auto-300x241.jpg\" width=\"300\" height=\"241\" srcset=\"https:\/\/www.elsindical.com.ar\/notas\/var\/www\/html\/notas\/wp-content\/uploads\/2013\/10\/Cabamdie-auto-300x241.jpg 300w, https:\/\/www.elsindical.com.ar\/notas\/var\/www\/html\/notas\/wp-content\/uploads\/2013\/10\/Cabamdie-auto-373x300.jpg 373w, https:\/\/www.elsindical.com.ar\/notas\/var\/www\/html\/notas\/wp-content\/uploads\/2013\/10\/Cabamdie-auto.jpg 531w\" sizes=\"auto, (max-width: 300px) 100vw, 300px\" \/><\/a>En unas sorprendentes im\u00e1genes, el diputado kirchnerista enfrent\u00f3 a un miembro de la fuerza, quien le iba a secuestrar el auto ya que estaba sin seguro. Como represalia, el candidato sugiri\u00f3 aplicarle \u00ab<b>un correctivo<\/b>\u00ab. <a href=\"http:\/\/www.infobae.com\/2013\/10\/12\/1515644-me-da-orgullo-el-video-la-gente-puede-saber-que-no-ando-chapeando-ahi\">Tras el esc\u00e1ndalo, el dirigente justific\u00f3 su enojo<\/a>.<\/p>\n<p>La filmaci\u00f3n comenz\u00f3 a circular por las redes sociales durante la noche de este viernes. El material expone a <b>Juan Cabandi\u00e9<\/b>, legislador y candidato a diputado por el Frente para la Victoria y su colectora Alternativa Popular, donde aparece amenazando a una agente que lo habr\u00eda intimado a secuestrar su veh\u00edculo por no llevar contar con la p\u00f3liza.<\/p>\n<p>\u00ab\u00a1Te hiciste la guapa! Como el se\u00f1or (apuntando al hombre con la filmadora) se hizo el guapo tambi\u00e9n\u00bb, acus\u00f3 el legislador de<b> La C\u00e1mpora <\/b>a la mujer que intentaba sancionarlo.<\/p>\n<p>Tras unos segundos, le dice: \u00abYo en ning\u00fan momento te chapi\u00e9 con que soy diputado\u00bb. \u00ab<b>Me faltaste el respeto &#8211;<\/b>contest\u00f3 la funcionaria-. Creo que es peor todav\u00eda, un diputado faltando el respeto y tratando de &#8216;boludas&#8217; a las personas\u00bb.<\/p>\n<p>Si bien las im\u00e1genes fueron editadas (hay sugestivos cortes durante la filmaci\u00f3n), aparece con toda claridad el momento donde el candidato ultrakirchnerista amenaza con una futura represalia hacia la mujer, miembro de la Gendarmer\u00eda.<\/p>\n<p>\u00abPasale el dato a Mart\u00edn, pero no para que la echen, <b>para que le apliquen un correctivo porque es una desubicadita<\/b>\u00ab, sostiene el diputado durante una conversaci\u00f3n telef\u00f3nica que la c\u00e1mara registr\u00f3.<\/p>\n<p>En relaci\u00f3n a ese di\u00e1logo, Cabandi\u00e9 le marca a la mujer que ello se trat\u00f3 \u00abuna charla privada\u00bb, y manifest\u00f3: \u00abSi la escuchaste problema tuyo\u00bb.<\/p>\n<p>\u00abTe hiciste la guapa. Yo soy m\u00e1s guapo que vos. Porque yo me banqu\u00e9 la dictadura. Porque yo soy hijo de desaparecidos. Porque yo pongo huevo\u00bb, dijo el candidato.<\/p>\n<p>Seg\u00fan el art. 68 de la Ley 24.449 de Tr\u00e1nsito, para poder circular con un automotor es obligatorio contar con un seguro, y la ausencia de la documentaci\u00f3n constituye una \u00ab<b>falta grave<\/b>\u00ab.<\/p>\n<p>Adem\u00e1s, significar\u00eda un agravante que \u00abel infractor sea funcionario y cometa la falta abusando de tal car\u00e1cter\u00bb, lo cual en ese caso la sanci\u00f3n podr\u00eda triplicarse.<\/p>\n<p>Seg\u00fan pudo comprobar <b>Infobae<\/b>, Cabandi\u00e9 cuenta con tres infracciones de tr\u00e1nsito: dos por estacionamiento prohibido, y una por exceso de velocidad entre 10 y 20 km\/h cuando circulaba sobre la avenida Belgrano al 3300, durante el mes de julio. Por esta \u00faltima falta el Gobierno de la Ciudad le quit\u00f3 5 puntos del scoring.<\/p>\n<p>&nbsp;<\/p>\n<p>&nbsp;<\/p>\n<p><strong>Fuente: Infobae<\/strong><\/p>\n","protected":false},"excerpt":{"rendered":"<p>En unas sorprendentes im\u00e1genes, el diputado kirchnerista enfrent\u00f3 a un miembro de la fuerza, quien le iba a secuestrar el auto ya que estaba sin seguro. Como represalia, el candidato sugiri\u00f3 aplicarle \u00abun correctivo\u00ab. Tras el esc\u00e1ndalo, el dirigente justific\u00f3 su enojo. La filmaci\u00f3n comenz\u00f3 a circular por las redes sociales durante la noche de&hellip;<\/p>\n","protected":false},"author":1,"featured_media":0,"comment_status":"open","ping_status":"open","sticky":false,"template":"","format":"standard","meta":{"footnotes":""},"categories":[13],"tags":[17158,1130,2057,6983],"class_list":["post-38088","post","type-post","status-publish","format-standard","hentry","category-politica","tag-alternativa-popular","tag-fpv","tag-infraccion","tag-juan-cabandie"],"_links":{"self":[{"href":"https:\/\/www.elsindical.com.ar\/notas\/wp-json\/wp\/v2\/posts\/38088","targetHints":{"allow":["GET"]}}],"collection":[{"href":"https:\/\/www.elsindical.com.ar\/notas\/wp-json\/wp\/v2\/posts"}],"about":[{"href":"https:\/\/www.elsindical.com.ar\/notas\/wp-json\/wp\/v2\/types\/post"}],"author":[{"embeddable":true,"href":"https:\/\/www.elsindical.com.ar\/notas\/wp-json\/wp\/v2\/users\/1"}],"replies":[{"embeddable":true,"href":"https:\/\/www.elsindical.com.ar\/notas\/wp-json\/wp\/v2\/comments?post=38088"}],"version-history":[{"count":2,"href":"https:\/\/www.elsindical.com.ar\/notas\/wp-json\/wp\/v2\/posts\/38088\/revisions"}],"predecessor-version":[{"id":38097,"href":"https:\/\/www.elsindical.com.ar\/notas\/wp-json\/wp\/v2\/posts\/38088\/revisions\/38097"}],"wp:attachment":[{"href":"https:\/\/www.elsindical.com.ar\/notas\/wp-json\/wp\/v2\/media?parent=38088"}],"wp:term":[{"taxonomy":"category","embeddable":true,"href":"https:\/\/www.elsindical.com.ar\/notas\/wp-json\/wp\/v2\/categories?post=38088"},{"taxonomy":"post_tag","embeddable":true,"href":"https:\/\/www.elsindical.com.ar\/notas\/wp-json\/wp\/v2\/tags?post=38088"}],"curies":[{"name":"wp","href":"https:\/\/api.w.org\/{rel}","templated":true}]}}