{"id":38086,"date":"2013-10-12T00:34:29","date_gmt":"2013-10-12T03:34:29","guid":{"rendered":"http:\/\/www.elsindical.com.ar\/notas\/?p=38086"},"modified":"2013-10-12T00:34:29","modified_gmt":"2013-10-12T03:34:29","slug":"efemeridesdel-dia-12-de-octubre-4","status":"publish","type":"post","link":"https:\/\/www.elsindical.com.ar\/notas\/efemeridesdel-dia-12-de-octubre-4\/","title":{"rendered":"EFEM\u00c9RIDES:DEL D\u00cdA 12 DE OCTUBRE"},"content":{"rendered":"<p><a href=\"http:\/\/www.elsindical.com.ar\/notas\/var\/www\/html\/notas\/wp-content\/uploads\/2010\/05\/Crist\u00f3bal-Col\u00f3n1.jpg\"><img loading=\"lazy\" decoding=\"async\" class=\"alignnone size-full wp-image-6691\" alt=\"Crist\u00f3bal-Col\u00f3n\" src=\"http:\/\/www.elsindical.com.ar\/notas\/var\/www\/html\/notas\/wp-content\/uploads\/2010\/05\/Crist\u00f3bal-Col\u00f3n1.jpg\" width=\"142\" height=\"190\" \/><\/a>En otro 12 de octubre pero de 1492, descubrimiento de Am\u00e9rica por marinos espa\u00f1oles mandados por Crist\u00f3bal Col\u00f3n, quien puso pie en la isla de Guanahan\u00ed, a la que llam\u00f3 San Salvador.<\/p>\n<p>1813- Paraguay se constituye en Rep\u00fablica independiente, rompiendo definitivamente con Espa\u00f1a y Argentina.<\/p>\n<p>1825- Batalla de Sarandi (Uruguay), en la que los uruguayos vencen a los brasile\u00f1os.<\/p>\n<p>1840- Nace Auguste Rodin, escultor franc\u00e9s.<\/p>\n<p>1862- Bartolom\u00e9 Mitre se hace cargo de la Presidencia de la Confederaci\u00f3n Argentina hasta 1868.<\/p>\n<p>1868- Domingo Faustino Sarmiento ocupa por segunda vez la presidencia de la Rep\u00fablica Argentina.<\/p>\n<p>1892- Celebraci\u00f3n del IV centenario del descubrimiento de Am\u00e9rica. La reina Mar\u00eda Cristina, segunda esposa del rey Alfonso XII de Espa\u00f1a, firma un decreto en el monasterio de La R\u00e1bida que declara fiesta nacional el 12 de octubre.<\/p>\n<p>1911- Un terremoto causa 700 v\u00edctimas en la California mexicana.<\/p>\n<p>1916- Hip\u00f3lito Irigoyen, elegido presidente de la Rep\u00fablica Argentina.<\/p>\n<p>1923- Se funda la Academia Costarricense de la Lengua.<\/p>\n<p>1931- Se inaugura la estatua de El Cristo en el monte del Corcovado, en R\u00edo de Janeiro.<\/p>\n<p>1935- Nace Luciano Pavarotti, tenor italiano.<\/p>\n<p>1940- Se establece en Espa\u00f1a la fiesta de la Hispanidad.<\/p>\n<p>1943- Segunda Guerra Mundial: El Gobierno italiano de Badoglio declara la guerra a Alemania. El grueso de la escuadra italiana se pasa a los aliados.<\/p>\n<p>1949- Nace Ilich Ram\u00edrez S\u00e1nchez, mercenario venezolano conocido por \u00abCarlos\u00bb o \u00bb \u00abChacal\u00bb.<\/p>\n<p>1952- Nace Jos\u00e9 Luis Turina, compositor espa\u00f1ol.<\/p>\n<p>1968- Independencia de Guinea Ecuatorial tras 180 a\u00f1os de soberan\u00eda espa\u00f1ola.<\/p>\n<p>1968- Apertura de los XIX Juegos Ol\u00edmpicos, en M\u00e9xico.<\/p>\n<p>1973- Juan Domingo Per\u00f3n, investido presidente de la Rep\u00fablica Argentina.<\/p>\n<p>1984- Atentado del IRA contra la primera ministra brit\u00e1nica, Margaret Thatcher en el Grand Hotel Brighton (Londres), del que sale ilesa, aunque mueren cuatro personas.<\/p>\n<p>1990- Bolivia y Paraguay se unen al Grupo de R\u00edo.<\/p>\n<p>1992- Se celebra el V Centenario del Descubrimiento de Am\u00e9rica.<\/p>\n<p>Los Reyes de Espa\u00f1a clausuran la Exposici\u00f3n Universal de Sevilla (Expo 92), visitada por 41 millones de personas.<\/p>\n<p>1992- Un terremoto de entre 5,5 a 6 grados en la escala Richter sacude El Cairo, y causa 552 muertos y 9.929 heridos.<\/p>\n<p>1994- Los Reyes reinauguran en Madrid el Museo de Am\u00e9rica.<\/p>\n<p>1994- Los presidentes centroamericanos suscriben una Alianza para el Desarrollo Sostenible, tras la clausura de la Cumbre Ecol\u00f3gica, celebrada en Nicaragua.<\/p>\n<p>1999- Golpe de Estado en Pakist\u00e1n, encabezado por Pervez Musharraf.<\/p>\n<p>2000- El dramaturgo chino exiliado en Francia, Gao Xingjian, recibe el Nobel de Literatura.<\/p>\n<p>2002- Un coche-bomba causa 202 muertos, la mayor\u00eda turistas australianos, y 300 heridos en una discoteca en Bali (Indonesia), un atentado perpetrado por la Yama Islamiya, brazo armado de Al Qaeda.<\/p>\n<p>2002- El letrado nicarag\u00fcense Rafael Chamorro Mora jura en Managua como presidente de la Corte Centroamericana de Justicia.<\/p>\n<p>2002- Muere Ray Conniff, compositor y director de orquesta estadounidense.<\/p>\n<p>2005- China lanza con \u00e9xito su segunda misi\u00f3n tripulada al espacio con los astronautas Fei Junlong y Nie Haisheng.<\/p>\n<p>2006- El escritor turco Orhan Pamuk gana el Premio Nobel de Literatura.<\/p>\n<p>2007- El ex presidente de EEUU, Al Gore y el Grupo Intergubernamental sobre el Cambio Clim\u00e1tico de la ONU, obtienen el Premio Nobel de la Paz.<\/p>\n<p>2007- Muere Carlos Victoria, escritor cubano.<\/p>\n","protected":false},"excerpt":{"rendered":"<p>En otro 12 de octubre pero de 1492, descubrimiento de Am\u00e9rica por marinos espa\u00f1oles mandados por Crist\u00f3bal Col\u00f3n, quien puso pie en la isla de Guanahan\u00ed, a la que llam\u00f3 San Salvador. 1813- Paraguay se constituye en Rep\u00fablica independiente, rompiendo definitivamente con Espa\u00f1a y Argentina. 1825- Batalla de Sarandi (Uruguay), en la que los uruguayos&hellip;<\/p>\n","protected":false},"author":1,"featured_media":0,"comment_status":"open","ping_status":"open","sticky":false,"template":"","format":"standard","meta":{"footnotes":""},"categories":[14],"tags":[],"class_list":["post-38086","post","type-post","status-publish","format-standard","hentry","category-efemerides"],"_links":{"self":[{"href":"https:\/\/www.elsindical.com.ar\/notas\/wp-json\/wp\/v2\/posts\/38086","targetHints":{"allow":["GET"]}}],"collection":[{"href":"https:\/\/www.elsindical.com.ar\/notas\/wp-json\/wp\/v2\/posts"}],"about":[{"href":"https:\/\/www.elsindical.com.ar\/notas\/wp-json\/wp\/v2\/types\/post"}],"author":[{"embeddable":true,"href":"https:\/\/www.elsindical.com.ar\/notas\/wp-json\/wp\/v2\/users\/1"}],"replies":[{"embeddable":true,"href":"https:\/\/www.elsindical.com.ar\/notas\/wp-json\/wp\/v2\/comments?post=38086"}],"version-history":[{"count":1,"href":"https:\/\/www.elsindical.com.ar\/notas\/wp-json\/wp\/v2\/posts\/38086\/revisions"}],"predecessor-version":[{"id":38087,"href":"https:\/\/www.elsindical.com.ar\/notas\/wp-json\/wp\/v2\/posts\/38086\/revisions\/38087"}],"wp:attachment":[{"href":"https:\/\/www.elsindical.com.ar\/notas\/wp-json\/wp\/v2\/media?parent=38086"}],"wp:term":[{"taxonomy":"category","embeddable":true,"href":"https:\/\/www.elsindical.com.ar\/notas\/wp-json\/wp\/v2\/categories?post=38086"},{"taxonomy":"post_tag","embeddable":true,"href":"https:\/\/www.elsindical.com.ar\/notas\/wp-json\/wp\/v2\/tags?post=38086"}],"curies":[{"name":"wp","href":"https:\/\/api.w.org\/{rel}","templated":true}]}}