{"id":38069,"date":"2013-10-11T15:49:40","date_gmt":"2013-10-11T18:49:40","guid":{"rendered":"http:\/\/www.elsindical.com.ar\/notas\/?p=38069"},"modified":"2013-10-11T15:49:40","modified_gmt":"2013-10-11T18:49:40","slug":"avellanedael-municipio-entrego-10-nuevos-moviles-a-la-gendarmeria","status":"publish","type":"post","link":"https:\/\/www.elsindical.com.ar\/notas\/avellanedael-municipio-entrego-10-nuevos-moviles-a-la-gendarmeria\/","title":{"rendered":"Avellaneda:El municipio entreg\u00f3 10 nuevos m\u00f3viles a la Gendarmer\u00eda"},"content":{"rendered":"<p><em><a href=\"http:\/\/www.elsindical.com.ar\/notas\/var\/www\/html\/notas\/wp-content\/uploads\/2013\/10\/IMG_5951.jpg\"><img loading=\"lazy\" decoding=\"async\" class=\"alignnone size-medium wp-image-38070\" alt=\"IMG_5951\" src=\"http:\/\/www.elsindical.com.ar\/notas\/var\/www\/html\/notas\/wp-content\/uploads\/2013\/10\/IMG_5951-300x193.jpg\" width=\"300\" height=\"193\" srcset=\"https:\/\/www.elsindical.com.ar\/notas\/var\/www\/html\/notas\/wp-content\/uploads\/2013\/10\/IMG_5951-300x193.jpg 300w, https:\/\/www.elsindical.com.ar\/notas\/var\/www\/html\/notas\/wp-content\/uploads\/2013\/10\/IMG_5951-466x300.jpg 466w, https:\/\/www.elsindical.com.ar\/notas\/var\/www\/html\/notas\/wp-content\/uploads\/2013\/10\/IMG_5951.jpg 620w\" sizes=\"auto, (max-width: 300px) 100vw, 300px\" \/><\/a>El Intendente de Avellaneda, Ing. Jorge Ferraresi entreg\u00f3 esta ma\u00f1ana diez nuevos m\u00f3viles para patrullaje a las fuerzas de Gendarmer\u00eda Nacional que realizan tareas en el distrito.<\/em><\/p>\n<p>El acto se llev\u00f3 a cabo en las afueras del Palacio Municipal, de Av. G\u00fcemes 835, \u00a0y se trata de 10 camionetas Volkswagen Amarok, las cuales se suman a la gran cantidad de m\u00f3viles, agentes, y otras acciones, con las cuales la comuna sigue apostando a abordar la problem\u00e1tica de la seguridad desde la prevenci\u00f3n.<\/p>\n<p>Del acto tambi\u00e9n participaron las autoridades de la jefatura de policia distrital y de la Gendarmer\u00eda local.<\/p>\n<p><a href=\"http:\/\/www.elsindical.com.ar\/notas\/var\/www\/html\/notas\/wp-content\/uploads\/2013\/10\/IMG_5964.jpg\"><img loading=\"lazy\" decoding=\"async\" class=\"alignnone size-medium wp-image-38072\" alt=\"IMG_5964\" src=\"http:\/\/www.elsindical.com.ar\/notas\/var\/www\/html\/notas\/wp-content\/uploads\/2013\/10\/IMG_5964-300x182.jpg\" width=\"300\" height=\"182\" srcset=\"https:\/\/www.elsindical.com.ar\/notas\/var\/www\/html\/notas\/wp-content\/uploads\/2013\/10\/IMG_5964-300x182.jpg 300w, https:\/\/www.elsindical.com.ar\/notas\/var\/www\/html\/notas\/wp-content\/uploads\/2013\/10\/IMG_5964-492x300.jpg 492w, https:\/\/www.elsindical.com.ar\/notas\/var\/www\/html\/notas\/wp-content\/uploads\/2013\/10\/IMG_5964.jpg 620w\" sizes=\"auto, (max-width: 300px) 100vw, 300px\" \/><\/a><\/p>\n","protected":false},"excerpt":{"rendered":"<p>El Intendente de Avellaneda, Ing. Jorge Ferraresi entreg\u00f3 esta ma\u00f1ana diez nuevos m\u00f3viles para patrullaje a las fuerzas de Gendarmer\u00eda Nacional que realizan tareas en el distrito. El acto se llev\u00f3 a cabo en las afueras del Palacio Municipal, de Av. G\u00fcemes 835, \u00a0y se trata de 10 camionetas Volkswagen Amarok, las cuales se suman&hellip;<\/p>\n","protected":false},"author":1,"featured_media":0,"comment_status":"open","ping_status":"open","sticky":false,"template":"","format":"standard","meta":{"footnotes":""},"categories":[22],"tags":[811,1062,3314,17154],"class_list":["post-38069","post","type-post","status-publish","format-standard","hentry","category-policiales","tag-gendarmeria","tag-jorge-ferraresi","tag-palacio-municipal","tag-patrullas"],"_links":{"self":[{"href":"https:\/\/www.elsindical.com.ar\/notas\/wp-json\/wp\/v2\/posts\/38069","targetHints":{"allow":["GET"]}}],"collection":[{"href":"https:\/\/www.elsindical.com.ar\/notas\/wp-json\/wp\/v2\/posts"}],"about":[{"href":"https:\/\/www.elsindical.com.ar\/notas\/wp-json\/wp\/v2\/types\/post"}],"author":[{"embeddable":true,"href":"https:\/\/www.elsindical.com.ar\/notas\/wp-json\/wp\/v2\/users\/1"}],"replies":[{"embeddable":true,"href":"https:\/\/www.elsindical.com.ar\/notas\/wp-json\/wp\/v2\/comments?post=38069"}],"version-history":[{"count":2,"href":"https:\/\/www.elsindical.com.ar\/notas\/wp-json\/wp\/v2\/posts\/38069\/revisions"}],"predecessor-version":[{"id":38073,"href":"https:\/\/www.elsindical.com.ar\/notas\/wp-json\/wp\/v2\/posts\/38069\/revisions\/38073"}],"wp:attachment":[{"href":"https:\/\/www.elsindical.com.ar\/notas\/wp-json\/wp\/v2\/media?parent=38069"}],"wp:term":[{"taxonomy":"category","embeddable":true,"href":"https:\/\/www.elsindical.com.ar\/notas\/wp-json\/wp\/v2\/categories?post=38069"},{"taxonomy":"post_tag","embeddable":true,"href":"https:\/\/www.elsindical.com.ar\/notas\/wp-json\/wp\/v2\/tags?post=38069"}],"curies":[{"name":"wp","href":"https:\/\/api.w.org\/{rel}","templated":true}]}}