{"id":3806,"date":"2010-02-19T16:55:50","date_gmt":"2010-02-19T19:55:50","guid":{"rendered":"http:\/\/www.elsindical.com.ar\/notas\/?p=3806"},"modified":"2010-02-19T16:55:50","modified_gmt":"2010-02-19T19:55:50","slug":"ezeiza-encuentran-un-cadaver-rodeado-de-citas-biblicas","status":"publish","type":"post","link":"https:\/\/www.elsindical.com.ar\/notas\/ezeiza-encuentran-un-cadaver-rodeado-de-citas-biblicas\/","title":{"rendered":"Ezeiza: Encuentran un cad\u00e1ver rodeado de citas b\u00edblicas"},"content":{"rendered":"<p id=\"txt_104681_3\" style=\"text-align: justify;\"><em><a href=\"http:\/\/www.elsindical.com.ar\/notas\/var\/www\/html\/notas\/wp-content\/uploads\/2010\/02\/patrulla-bonaerense-gen\u00e9ric.jpg\"><img loading=\"lazy\" decoding=\"async\" class=\"alignleft size-medium wp-image-3807\" title=\"patrulla-bonaerense-gen\u00e9ric\" src=\"http:\/\/www.elsindical.com.ar\/notas\/var\/www\/html\/notas\/wp-content\/uploads\/2010\/02\/patrulla-bonaerense-gen\u00e9ric-300x112.jpg\" alt=\"\" width=\"300\" height=\"112\" srcset=\"https:\/\/www.elsindical.com.ar\/notas\/var\/www\/html\/notas\/wp-content\/uploads\/2010\/02\/patrulla-bonaerense-gen\u00e9ric-300x112.jpg 300w, https:\/\/www.elsindical.com.ar\/notas\/var\/www\/html\/notas\/wp-content\/uploads\/2010\/02\/patrulla-bonaerense-gen\u00e9ric.jpg 325w\" sizes=\"auto, (max-width: 300px) 100vw, 300px\" \/><\/a>Los restos de un hombre en los bosques de Ezeiza, a metros de la autopista Ricchieri. Los investigadores creen que se trat\u00f3 de un suicidio.<\/em><\/p>\n<p style=\"text-align: justify;\">El cad\u00e1ver de un hombre fue hallado en los bosques de Ezeiza, a metros de la autopista Ricchieri, rodeado de carteles con citas b\u00edblicas, y los investigadores creen que se trat\u00f3 de un suicidio, informaron fuentes policiales.<\/p>\n<p>Efectivos de la comisar\u00eda local hallaron el cuerpo a metros de un autom\u00f3vil Mercedes Benz y rodeado de carteles de cart\u00f3n escritos a mano que dicen \u00abyo soy la resurrecci\u00f3n y la vida\u00bb, \u00abquien muera, vivir\u00e1 en m\u00ed\u00bb y \u00abJes\u00fas es m\u00e1s fuerte que la muerte\u00bb, entre otros.<\/p>\n<p>Peritos de la Polic\u00eda Cient\u00edfica comenzaron a trabajar en el lugar en busca de rastros, aunque en principio todo parece indicar que se trat\u00f3 de un suicidio, dijo un jefe policial que se encuentra en el lugar.<\/p>\n<p>La polic\u00eda fue alertada sobre la aparici\u00f3n del cad\u00e1ver por un hombre que caminaba por los bosques y que dijo que hab\u00eda visto el auto all\u00ed detenido desde las seis de la madrugada.<\/p>\n<p>El hecho es investigado por personal de la comisar\u00eda y por un fiscal descentralizado de Ezeiza.<\/p>\n","protected":false},"excerpt":{"rendered":"<p>Los restos de un hombre en los bosques de Ezeiza, a metros de la autopista Ricchieri. Los investigadores creen que se trat\u00f3 de un suicidio. El cad\u00e1ver de un hombre fue hallado en los bosques de Ezeiza, a metros de la autopista Ricchieri, rodeado de carteles con citas b\u00edblicas, y los investigadores creen que se&hellip;<\/p>\n","protected":false},"author":1,"featured_media":0,"comment_status":"open","ping_status":"open","sticky":false,"template":"","format":"standard","meta":{"footnotes":""},"categories":[22],"tags":[1994,1993,1096,661,1155,792,30],"class_list":["post-3806","post","type-post","status-publish","format-standard","hentry","category-policiales","tag-biblicas","tag-citas","tag-cuerpo","tag-ezeiza","tag-fallecido","tag-fiscal","tag-policia"],"_links":{"self":[{"href":"https:\/\/www.elsindical.com.ar\/notas\/wp-json\/wp\/v2\/posts\/3806","targetHints":{"allow":["GET"]}}],"collection":[{"href":"https:\/\/www.elsindical.com.ar\/notas\/wp-json\/wp\/v2\/posts"}],"about":[{"href":"https:\/\/www.elsindical.com.ar\/notas\/wp-json\/wp\/v2\/types\/post"}],"author":[{"embeddable":true,"href":"https:\/\/www.elsindical.com.ar\/notas\/wp-json\/wp\/v2\/users\/1"}],"replies":[{"embeddable":true,"href":"https:\/\/www.elsindical.com.ar\/notas\/wp-json\/wp\/v2\/comments?post=3806"}],"version-history":[{"count":2,"href":"https:\/\/www.elsindical.com.ar\/notas\/wp-json\/wp\/v2\/posts\/3806\/revisions"}],"predecessor-version":[{"id":3809,"href":"https:\/\/www.elsindical.com.ar\/notas\/wp-json\/wp\/v2\/posts\/3806\/revisions\/3809"}],"wp:attachment":[{"href":"https:\/\/www.elsindical.com.ar\/notas\/wp-json\/wp\/v2\/media?parent=3806"}],"wp:term":[{"taxonomy":"category","embeddable":true,"href":"https:\/\/www.elsindical.com.ar\/notas\/wp-json\/wp\/v2\/categories?post=3806"},{"taxonomy":"post_tag","embeddable":true,"href":"https:\/\/www.elsindical.com.ar\/notas\/wp-json\/wp\/v2\/tags?post=3806"}],"curies":[{"name":"wp","href":"https:\/\/api.w.org\/{rel}","templated":true}]}}