{"id":38050,"date":"2013-10-11T10:11:08","date_gmt":"2013-10-11T13:11:08","guid":{"rendered":"http:\/\/www.elsindical.com.ar\/notas\/?p=38050"},"modified":"2013-10-11T10:11:08","modified_gmt":"2013-10-11T13:11:08","slug":"la-matanzahallaron-el-cuerpo-de-araceli-ramos-en-villa-madero","status":"publish","type":"post","link":"https:\/\/www.elsindical.com.ar\/notas\/la-matanzahallaron-el-cuerpo-de-araceli-ramos-en-villa-madero\/","title":{"rendered":"La Matanza:Hallaron el cuerpo de Araceli Ramos en Villa Madero"},"content":{"rendered":"<p><em><a href=\"http:\/\/www.elsindical.com.ar\/notas\/var\/www\/html\/notas\/wp-content\/uploads\/2013\/10\/lugar-cuerpo-hallado-de-Araceli.jpg\"><img loading=\"lazy\" decoding=\"async\" class=\"alignnone size-medium wp-image-38051\" alt=\"lugar-cuerpo-hallado-de-Araceli\" src=\"http:\/\/www.elsindical.com.ar\/notas\/var\/www\/html\/notas\/wp-content\/uploads\/2013\/10\/lugar-cuerpo-hallado-de-Araceli-300x168.jpg\" width=\"300\" height=\"168\" srcset=\"https:\/\/www.elsindical.com.ar\/notas\/var\/www\/html\/notas\/wp-content\/uploads\/2013\/10\/lugar-cuerpo-hallado-de-Araceli-300x168.jpg 300w, https:\/\/www.elsindical.com.ar\/notas\/var\/www\/html\/notas\/wp-content\/uploads\/2013\/10\/lugar-cuerpo-hallado-de-Araceli-500x281.jpg 500w, https:\/\/www.elsindical.com.ar\/notas\/var\/www\/html\/notas\/wp-content\/uploads\/2013\/10\/lugar-cuerpo-hallado-de-Araceli.jpg 531w\" sizes=\"auto, (max-width: 300px) 100vw, 300px\" \/><\/a>El cuerpo hallado esta madrugada en el partido bonaerense de La Matanza, en el marco de la b\u00fasqueda de la joven <b>Araceli Ramos<\/b>, de 19 a\u00f1os, se encontraba \u00abatado con alambre y envuelto con un mantel y en una bolsa (de polietileno), dentro de otro bolso grande de tela\u00bb, revel\u00f3 el intendente de Tres de Febrero, <b>Hugo Curto<\/b>.<\/em><\/p>\n<p>El jefe comunal confirm\u00f3, adem\u00e1s, que al lugar, ubicado en <b>General Paz y Crovara<\/b>, en el predio del ex Jab\u00f3n Federal, se lleg\u00f3 a trav\u00e9s del testimonio de un remisero que dijo haber llevado hasta esa zona al ex suboficial del Grupo Albatros, <b>Walter Vinader<\/b>, \u00fanico detenido por la desaparici\u00f3n de la chica.<\/p>\n<p><b>\u00abEl cad\u00e1ver est\u00e1 en muy mal estado, pas\u00f3 varios d\u00edas all\u00ed\u00bb<\/b>, dijo Curto en declaraciones a <i>Radio Rivadavia<\/i>. Al mismo tiempo, a\u00f1adi\u00f3 que el cuerpo corresponde a una \u00abmujer joven\u00bb y \u00a0seg\u00fan los expertos de la Polic\u00eda Cient\u00edfica <b>\u00abestar\u00eda desde el martes pasado a la tarde en ese lugar; pr\u00e1cticamente tiene seis o siete d\u00edas<\/b>\u00ab.<\/p>\n<p>El intendente bonaerense revel\u00f3 que el cuerpo de Araceli \u00abapareci\u00f3 atado con alambre en un bolso, envuelto con un mantel y una bolsa (de polietileno) en un estado de descomposici\u00f3n, pr\u00e1cticamente podrido\u00bb.<\/p>\n<p>Sobre el testimonio que les permiti\u00f3 llegar hasta el lugar donde apareci\u00f3 el cad\u00e1ver, Curto explic\u00f3 que un remisero identific\u00f3 a Vinader <b>\u00abcuando lo vio en la televisi\u00f3n llegando a los Tribunales<\/b>; all\u00ed se dio cuenta que era el mismo tipo que hab\u00eda llevado hasta el descampado\u00bb.<\/p>\n<p>Seg\u00fan esta persona, el ex suboficial <b>\u00abcontrat\u00f3 el remis para llevar un bulto en un bolso\u00bb<\/b>. \u00abComo trabajaba con antenas, le dijo que eran antenas viejas y que las ten\u00eda que tirar en ese lugar. El remisero lo llev\u00f3, \u00e9l se baj\u00f3 en el campo de lo que era Jab\u00f3n Federal y dej\u00f3 el bolso\u00bb, a\u00f1adi\u00f3.<\/p>\n<p>Hasta ese momento, la situaci\u00f3n era normal. Sin embargo, luego de conocerse la desaparici\u00f3n y la posterior detenci\u00f3n de Vinader, \u00abcuando lo vio en la &#8216;tele&#8217; este remisero se acerc\u00f3 a la comisaria a contar lo que sab\u00eda\u00bb, relat\u00f3 el jefe comunal.<\/p>\n<p>La declaraci\u00f3n del remisero fue ayer a la tarde en una comisar\u00eda de Capital Federal. Posteriormente se dio aviso a la jurisdicci\u00f3n correspondiente y pasada la medianoche las autoridades comenzaron los rastrillajes. <b>\u00abA las doce de la noche se le tom\u00f3 la declaraci\u00f3n al remisero y despu\u00e9s lo llevamos a la zona; a eso de la una de la ma\u00f1ana encontramos el cuerpo en estado de descomposici\u00f3n\u00bb<\/b>, agreg\u00f3 Curto sobre el\u00a0<b>macabro hallazo<\/b>.<\/p>\n<p><b>\u00abPor suerte se detuvo a \u00e9ste delincuente; es un criminal que debe tener m\u00e1s de cuatro o cinco muertos, mir\u00e1ndole la cara te da miedo, es un asesino serial\u00bb,<\/b> dijo Curto, que no pudo aguantar su sentimiento. Al mismo tiempo, destac\u00f3 el trabajo de los investigadores.<\/p>\n","protected":false},"excerpt":{"rendered":"<p>El cuerpo hallado esta madrugada en el partido bonaerense de La Matanza, en el marco de la b\u00fasqueda de la joven Araceli Ramos, de 19 a\u00f1os, se encontraba \u00abatado con alambre y envuelto con un mantel y en una bolsa (de polietileno), dentro de otro bolso grande de tela\u00bb, revel\u00f3 el intendente de Tres de&hellip;<\/p>\n","protected":false},"author":1,"featured_media":0,"comment_status":"open","ping_status":"open","sticky":false,"template":"","format":"standard","meta":{"footnotes":""},"categories":[22],"tags":[17083,1401,2637,10975,4444,17131],"class_list":["post-38050","post","type-post","status-publish","format-standard","hentry","category-policiales","tag-araceli-ramos","tag-la-matanza","tag-remisero","tag-tres-de-febrero","tag-villa-madero","tag-walter-vinader"],"_links":{"self":[{"href":"https:\/\/www.elsindical.com.ar\/notas\/wp-json\/wp\/v2\/posts\/38050","targetHints":{"allow":["GET"]}}],"collection":[{"href":"https:\/\/www.elsindical.com.ar\/notas\/wp-json\/wp\/v2\/posts"}],"about":[{"href":"https:\/\/www.elsindical.com.ar\/notas\/wp-json\/wp\/v2\/types\/post"}],"author":[{"embeddable":true,"href":"https:\/\/www.elsindical.com.ar\/notas\/wp-json\/wp\/v2\/users\/1"}],"replies":[{"embeddable":true,"href":"https:\/\/www.elsindical.com.ar\/notas\/wp-json\/wp\/v2\/comments?post=38050"}],"version-history":[{"count":1,"href":"https:\/\/www.elsindical.com.ar\/notas\/wp-json\/wp\/v2\/posts\/38050\/revisions"}],"predecessor-version":[{"id":38052,"href":"https:\/\/www.elsindical.com.ar\/notas\/wp-json\/wp\/v2\/posts\/38050\/revisions\/38052"}],"wp:attachment":[{"href":"https:\/\/www.elsindical.com.ar\/notas\/wp-json\/wp\/v2\/media?parent=38050"}],"wp:term":[{"taxonomy":"category","embeddable":true,"href":"https:\/\/www.elsindical.com.ar\/notas\/wp-json\/wp\/v2\/categories?post=38050"},{"taxonomy":"post_tag","embeddable":true,"href":"https:\/\/www.elsindical.com.ar\/notas\/wp-json\/wp\/v2\/tags?post=38050"}],"curies":[{"name":"wp","href":"https:\/\/api.w.org\/{rel}","templated":true}]}}