{"id":38002,"date":"2013-10-09T12:42:18","date_gmt":"2013-10-09T15:42:18","guid":{"rendered":"http:\/\/www.elsindical.com.ar\/notas\/?p=38002"},"modified":"2013-10-09T12:42:18","modified_gmt":"2013-10-09T15:42:18","slug":"avellanedase-presento-el-proyecto-de-construccion-del-polideportivo-en-villa-azul","status":"publish","type":"post","link":"https:\/\/www.elsindical.com.ar\/notas\/avellanedase-presento-el-proyecto-de-construccion-del-polideportivo-en-villa-azul\/","title":{"rendered":"Avellaneda:Se present\u00f3 el proyecto de construcci\u00f3n del Polideportivo en Villa Azul"},"content":{"rendered":"<p><em><a href=\"http:\/\/www.elsindical.com.ar\/notas\/var\/www\/html\/notas\/wp-content\/uploads\/2013\/10\/IMG_5095.jpg\"><img loading=\"lazy\" decoding=\"async\" class=\"alignnone size-medium wp-image-38003\" alt=\"IMG_5095\" src=\"http:\/\/www.elsindical.com.ar\/notas\/var\/www\/html\/notas\/wp-content\/uploads\/2013\/10\/IMG_5095-300x201.jpg\" width=\"300\" height=\"201\" srcset=\"https:\/\/www.elsindical.com.ar\/notas\/var\/www\/html\/notas\/wp-content\/uploads\/2013\/10\/IMG_5095-300x201.jpg 300w, https:\/\/www.elsindical.com.ar\/notas\/var\/www\/html\/notas\/wp-content\/uploads\/2013\/10\/IMG_5095-446x300.jpg 446w, https:\/\/www.elsindical.com.ar\/notas\/var\/www\/html\/notas\/wp-content\/uploads\/2013\/10\/IMG_5095.jpg 620w\" sizes=\"auto, (max-width: 300px) 100vw, 300px\" \/><\/a>Ser\u00e1 a trav\u00e9s de un trabajo en conjunto entre el Municipio de Avellaneda, Pro.Me.Ba. y el Gobierno Nacional, en un espacio p\u00fablico recuperado en dicho barrio.\u00a0\u00a0<\/em><\/p>\n<p>El martes 8 de octubre y ante una gran cantidad de vecinos de Villa Azul, el municipio de Avellaneda, realiz\u00f3 la audiencia p\u00fablica en la que se present\u00f3 el proyecto para la construcci\u00f3n de un polideportivo en el marco del programa de urbanizaci\u00f3n que se lleva a cabo en dicho barrio.<\/p>\n<p>La exposici\u00f3n, en el sal\u00f3n de actos\u00a0 \u201cEva Per\u00f3n\u201d, estuvo a cargo de la subsecretaria de Planeamiento, arquitecta Magdalena Ferraresi, el subsecretario de Desarrollo Urbano y Vivienda de la Naci\u00f3n, Arq. German Nivello, y la coordinadora de Pro.Me.Ba., Dra. Patricia Palenque.<\/p>\n<p>La Arq. Ferraresi, expres\u00f3 que \u201cel trabajo no termina en la infraestructura, si no en la labor inclusiva mediante la ejecuci\u00f3n de proyectos integrales barriales que tienen como objetivo consolidar a la poblaci\u00f3n destinataria en el lugar que habitan\u201d,\u00a0 y finaliz\u00f3: \u201cEs importante brindar a los barrios equipamiento comunitario y saneamiento ambiental, promoviendo as\u00ed el fortalecimiento de su capital humano y social\u201d.<\/p>\n<p>Por otro lado, el Arq. Nivello manifest\u00f3 que \u201cpara este tipo de obras se necesita mucho dinero, lo que para quienes apoyamos este proyecto de pa\u00eds es una inversi\u00f3n, pero para otros resulta un gasto\u201d. Y cerr\u00f3: \u201cFerraresi y todo su equipo de trabajo, entendieron perfectamente cu\u00e1l es el modelo que hay que seguir para incluir a todos los ciudadanos y que cuenten con las mismas oportunidades\u201d.<\/p>\n<p>El proyecto expuesto consta en la recuperaci\u00f3n de 4.200 m2, de un predio industrial, que se utilizar\u00e1n para la construcci\u00f3n de lo que ser\u00e1 un mega polideportivo en el barrio.<\/p>\n<p>La obra se distribuir\u00e1 en dos plantas. En la planta baja se estima la construcci\u00f3n de canchas competitivas reglamentarias de f\u00fatbol, handbal, v\u00f3ley, un ring de boxeo profesional y una pileta semi ol\u00edmpica. Adem\u00e1s contar\u00e1 con un sal\u00f3n de usos m\u00faltiples, espejado y con barras, que podr\u00e1 ser utilizado para la pr\u00e1ctica de diferentes danzas. A su vez, en la planta alta se levantar\u00e1 un buffet, vestuarios y enfermer\u00eda.<\/p>\n<p>El Programa Mejoramiento de Barrios, \u00a0tiene como finalidad mejorar la calidad de vida y contribuir a la inclusi\u00f3n urbano-social y la integraci\u00f3n de los hogares argentinos de los segmentos m\u00e1s pobres de la poblaci\u00f3n. Su prop\u00f3sito es mejorar de manera sustentable el h\u00e1bitat de esta poblaci\u00f3n que reside en villas y asentamientos irregulares.<\/p>\n","protected":false},"excerpt":{"rendered":"<p>Ser\u00e1 a trav\u00e9s de un trabajo en conjunto entre el Municipio de Avellaneda, Pro.Me.Ba. y el Gobierno Nacional, en un espacio p\u00fablico recuperado en dicho barrio.\u00a0\u00a0 El martes 8 de octubre y ante una gran cantidad de vecinos de Villa Azul, el municipio de Avellaneda, realiz\u00f3 la audiencia p\u00fablica en la que se present\u00f3 el&hellip;<\/p>\n","protected":false},"author":1,"featured_media":0,"comment_status":"open","ping_status":"open","sticky":false,"template":"","format":"standard","meta":{"footnotes":""},"categories":[25],"tags":[461,995,17140,15539],"class_list":["post-38002","post","type-post","status-publish","format-standard","hentry","category-sociedad","tag-avellaneda","tag-construccion","tag-promeba","tag-villa-azul"],"_links":{"self":[{"href":"https:\/\/www.elsindical.com.ar\/notas\/wp-json\/wp\/v2\/posts\/38002","targetHints":{"allow":["GET"]}}],"collection":[{"href":"https:\/\/www.elsindical.com.ar\/notas\/wp-json\/wp\/v2\/posts"}],"about":[{"href":"https:\/\/www.elsindical.com.ar\/notas\/wp-json\/wp\/v2\/types\/post"}],"author":[{"embeddable":true,"href":"https:\/\/www.elsindical.com.ar\/notas\/wp-json\/wp\/v2\/users\/1"}],"replies":[{"embeddable":true,"href":"https:\/\/www.elsindical.com.ar\/notas\/wp-json\/wp\/v2\/comments?post=38002"}],"version-history":[{"count":1,"href":"https:\/\/www.elsindical.com.ar\/notas\/wp-json\/wp\/v2\/posts\/38002\/revisions"}],"predecessor-version":[{"id":38004,"href":"https:\/\/www.elsindical.com.ar\/notas\/wp-json\/wp\/v2\/posts\/38002\/revisions\/38004"}],"wp:attachment":[{"href":"https:\/\/www.elsindical.com.ar\/notas\/wp-json\/wp\/v2\/media?parent=38002"}],"wp:term":[{"taxonomy":"category","embeddable":true,"href":"https:\/\/www.elsindical.com.ar\/notas\/wp-json\/wp\/v2\/categories?post=38002"},{"taxonomy":"post_tag","embeddable":true,"href":"https:\/\/www.elsindical.com.ar\/notas\/wp-json\/wp\/v2\/tags?post=38002"}],"curies":[{"name":"wp","href":"https:\/\/api.w.org\/{rel}","templated":true}]}}