{"id":37995,"date":"2013-10-09T11:09:26","date_gmt":"2013-10-09T14:09:26","guid":{"rendered":"http:\/\/www.elsindical.com.ar\/notas\/?p=37995"},"modified":"2013-10-09T11:09:26","modified_gmt":"2013-10-09T14:09:26","slug":"boudou-y-ferraresi-inauguraron-el-edificio-leonardo-favio","status":"publish","type":"post","link":"https:\/\/www.elsindical.com.ar\/notas\/boudou-y-ferraresi-inauguraron-el-edificio-leonardo-favio\/","title":{"rendered":"Boudou y Ferraresi inauguraron el edificio \u201cLeonardo Favio\u201d"},"content":{"rendered":"<p><em><a href=\"http:\/\/www.elsindical.com.ar\/notas\/var\/www\/html\/notas\/wp-content\/uploads\/2013\/10\/IMG_5251.jpg\"><img loading=\"lazy\" decoding=\"async\" class=\"alignnone size-medium wp-image-37996\" alt=\"IMG_5251\" src=\"http:\/\/www.elsindical.com.ar\/notas\/var\/www\/html\/notas\/wp-content\/uploads\/2013\/10\/IMG_5251-300x199.jpg\" width=\"300\" height=\"199\" srcset=\"https:\/\/www.elsindical.com.ar\/notas\/var\/www\/html\/notas\/wp-content\/uploads\/2013\/10\/IMG_5251-300x199.jpg 300w, https:\/\/www.elsindical.com.ar\/notas\/var\/www\/html\/notas\/wp-content\/uploads\/2013\/10\/IMG_5251-450x300.jpg 450w, https:\/\/www.elsindical.com.ar\/notas\/var\/www\/html\/notas\/wp-content\/uploads\/2013\/10\/IMG_5251.jpg 620w\" sizes=\"auto, (max-width: 300px) 100vw, 300px\" \/><\/a>Fue mediante una videoconferencia de la que tambi\u00e9n particip\u00f3 el titular del AFSCA, Mart\u00edn Sabbatella.<\/em><\/p>\n<p>El vicepresidente de la Naci\u00f3n, Amado Boudou encabez\u00f3 ayer una videoconferencia a trav\u00e9s de la cual se inaugur\u00f3 el edificio municipal \u201cLeonardo Favio\u201d, ubicado en 12 de Octubre y Av. Roca, y donde funcionar\u00e1n las carreras del \u00e1rea audiovisual de la Universidad Nacional de Avellaneda, la Escuela municipal de Cine, y las dependencias del Consejo de Medios Audiovisuales de Avellaneda.<\/p>\n<p>En dicha sede, el intendente de Avellaneda, Ing. Jorge Ferraresi, acompa\u00f1ado por el titular de la Autoridad Federal de Servicios Audiovisuales de Comunicaci\u00f3n, Mart\u00edn Sabbatella, el rector de la UNDAV, Ing. Jorge Calzoni y la 1\u00aa candidata a concejal por el FpV de Avellaneda, Arq. Magdalena Ferraresi, encabezaron un acto del que tambi\u00e9n participaron cientos de militantes locales.<\/p>\n<p>En su discurso, el jefe comunal remarc\u00f3 que \u201cEl pueblo de Avellaneda est\u00e1 siempre listo para seguir avanzando en este proyecto de inclusi\u00f3n y recuperaci\u00f3n que encabeza nuestra presidenta Cristina Fern\u00e1ndez de Kirchner\u201d, y aprovech\u00f3 la ocasi\u00f3n para saludarla en nombre de todos los vecinos y desearle una pronta recuperaci\u00f3n.<\/p>\n<p>Y mas tarde agreg\u00f3 que: \u201celegimos este d\u00eda, el del cumplea\u00f1os del General Per\u00f3n, nuestro l\u00edder hist\u00f3rico, para inaugurar un edificio que lleva el nombre de otro gran compa\u00f1ero de militancia como fue Leonardo Favio\u201d.<\/p>\n<p>Por su parte, Boudou celebr\u00f3 \u201cla integraci\u00f3n a trav\u00e9s de la cultura, como sucede en Avellaneda\u201d. Posteriormente el vicepresidente, quien se encontraba en la localidad cordobesa de Villa Mar\u00eda, inaugurando un nuevo puente, tambi\u00e9n se contact\u00f3 con las localidades de Berazategui, donde se llev\u00f3 a cabo \u00a0la pavimentaci\u00f3n de los primeros 1000 mts. de su avenida costanera, y con la ciudad de Concordia, donde se reinaugur\u00f3 el Castillo San Carlos.<\/p>\n<p>Luego agreg\u00f3: \u201cno hay un proyecto individual, sino un proyecto colectivo y un proyecto de pa\u00eds. Todos los que estamos aqu\u00ed somos el equipo de Cristina\u00bb.<\/p>\n<p>Finalmente, Sabbatella remarc\u00f3 que: \u201cEste polo audiovisual es un s\u00edmbolo de la transformaci\u00f3n que estamos impulsando en la comunicaci\u00f3n, y necesitamos lugares maravillosos como este para que esa transformaci\u00f3n se siga profundizando\u201d, y cerr\u00f3 diciendo: \u201cQueremos que el pueblo tome la palabra en todo el pa\u00eds, como ya sucede en Avellaneda\u201d.<\/p>\n<p>El nuevo edificio cuenta con todo el equipamiento para cursar materias de producci\u00f3n audiovisual, modernos estudios de radio y televisi\u00f3n, adem\u00e1s de aulas, auditorios y todos los servicios sanitarios, buffet y c\u00f3modos accesos para alumnos, docentes y personal municipal.<\/p>\n<p><a href=\"http:\/\/www.elsindical.com.ar\/notas\/var\/www\/html\/notas\/wp-content\/uploads\/2013\/10\/IMG_5376.jpg\"><img loading=\"lazy\" decoding=\"async\" class=\"alignnone size-medium wp-image-37997\" alt=\"IMG_5376\" src=\"http:\/\/www.elsindical.com.ar\/notas\/var\/www\/html\/notas\/wp-content\/uploads\/2013\/10\/IMG_5376-300x199.jpg\" width=\"300\" height=\"199\" srcset=\"https:\/\/www.elsindical.com.ar\/notas\/var\/www\/html\/notas\/wp-content\/uploads\/2013\/10\/IMG_5376-300x199.jpg 300w, https:\/\/www.elsindical.com.ar\/notas\/var\/www\/html\/notas\/wp-content\/uploads\/2013\/10\/IMG_5376-451x300.jpg 451w, https:\/\/www.elsindical.com.ar\/notas\/var\/www\/html\/notas\/wp-content\/uploads\/2013\/10\/IMG_5376.jpg 620w\" sizes=\"auto, (max-width: 300px) 100vw, 300px\" \/><\/a><\/p>\n","protected":false},"excerpt":{"rendered":"<p>Fue mediante una videoconferencia de la que tambi\u00e9n particip\u00f3 el titular del AFSCA, Mart\u00edn Sabbatella. El vicepresidente de la Naci\u00f3n, Amado Boudou encabez\u00f3 ayer una videoconferencia a trav\u00e9s de la cual se inaugur\u00f3 el edificio municipal \u201cLeonardo Favio\u201d, ubicado en 12 de Octubre y Av. Roca, y donde funcionar\u00e1n las carreras del \u00e1rea audiovisual de&hellip;<\/p>\n","protected":false},"author":1,"featured_media":0,"comment_status":"open","ping_status":"open","sticky":false,"template":"","format":"standard","meta":{"footnotes":""},"categories":[13],"tags":[],"class_list":["post-37995","post","type-post","status-publish","format-standard","hentry","category-politica"],"_links":{"self":[{"href":"https:\/\/www.elsindical.com.ar\/notas\/wp-json\/wp\/v2\/posts\/37995","targetHints":{"allow":["GET"]}}],"collection":[{"href":"https:\/\/www.elsindical.com.ar\/notas\/wp-json\/wp\/v2\/posts"}],"about":[{"href":"https:\/\/www.elsindical.com.ar\/notas\/wp-json\/wp\/v2\/types\/post"}],"author":[{"embeddable":true,"href":"https:\/\/www.elsindical.com.ar\/notas\/wp-json\/wp\/v2\/users\/1"}],"replies":[{"embeddable":true,"href":"https:\/\/www.elsindical.com.ar\/notas\/wp-json\/wp\/v2\/comments?post=37995"}],"version-history":[{"count":1,"href":"https:\/\/www.elsindical.com.ar\/notas\/wp-json\/wp\/v2\/posts\/37995\/revisions"}],"predecessor-version":[{"id":37998,"href":"https:\/\/www.elsindical.com.ar\/notas\/wp-json\/wp\/v2\/posts\/37995\/revisions\/37998"}],"wp:attachment":[{"href":"https:\/\/www.elsindical.com.ar\/notas\/wp-json\/wp\/v2\/media?parent=37995"}],"wp:term":[{"taxonomy":"category","embeddable":true,"href":"https:\/\/www.elsindical.com.ar\/notas\/wp-json\/wp\/v2\/categories?post=37995"},{"taxonomy":"post_tag","embeddable":true,"href":"https:\/\/www.elsindical.com.ar\/notas\/wp-json\/wp\/v2\/tags?post=37995"}],"curies":[{"name":"wp","href":"https:\/\/api.w.org\/{rel}","templated":true}]}}