{"id":3799,"date":"2010-02-19T00:42:54","date_gmt":"2010-02-19T03:42:54","guid":{"rendered":"http:\/\/www.elsindical.com.ar\/notas\/?p=3799"},"modified":"2010-02-19T00:42:54","modified_gmt":"2010-02-19T03:42:54","slug":"cordoba-polemica-por-un-fallo-que-condeno-por-homicidio-simple-a-sobrina-que-se-defendio-de-violacion","status":"publish","type":"post","link":"https:\/\/www.elsindical.com.ar\/notas\/cordoba-polemica-por-un-fallo-que-condeno-por-homicidio-simple-a-sobrina-que-se-defendio-de-violacion\/","title":{"rendered":"C\u00f3rdoba: Pol\u00e9mica por un fallo que conden\u00f3 por homicidio simple a sobrina que se defendi\u00f3 de violaci\u00f3n"},"content":{"rendered":"<p style=\"text-align: justify;\"><em><a href=\"http:\/\/www.elsindical.com.ar\/notas\/var\/www\/html\/notas\/wp-content\/uploads\/2010\/02\/J\u00e9sica-Bel\u00e9n-Piatti.jpg\"><img loading=\"lazy\" decoding=\"async\" class=\"alignleft size-full wp-image-3800\" title=\"J\u00e9sica-Bel\u00e9n-Piatti\" src=\"http:\/\/www.elsindical.com.ar\/notas\/var\/www\/html\/notas\/wp-content\/uploads\/2010\/02\/J\u00e9sica-Bel\u00e9n-Piatti.jpg\" alt=\"\" width=\"236\" height=\"200\" \/><\/a>Una joven de 20 a\u00f1os fue condenada a ocho a\u00f1os de c\u00e1rcel por la C\u00e1mara del Crimen de la ciudad cordobesa de R\u00edo Tercero, que la hall\u00f3 culpable de homicidio simple por asesinar a cuchilladas a un t\u00edo que intentaba violarla.<\/em><\/p>\n<p style=\"text-align: justify;\">Fuentes judiciales revelaron que la pena recay\u00f3 en J\u00e9sica Bel\u00e9n Piatti, quien junto a su t\u00edo Carlos Piatti, de 55, y otros familiares habitaban una modesta vivienda en el barrio Sarmiento de esa ciudad, 110 kil\u00f3metros al sur de la capital cordobesa.<\/p>\n<p>Seg\u00fan consta en el expediente, el 27 de abril del a\u00f1o pasado la joven habr\u00eda mantenido una violenta discusi\u00f3n con su t\u00edo cuando \u00e9ste intentaba someterla sexualmente, por lo que tom\u00f3 un cuchillo de cocina con el cual le propin\u00f3 varias heridas en el abdomen.<\/p>\n<p>Piatti muri\u00f3 d\u00edas despu\u00e9s en el Hospital Regional de R\u00edo Tercero y su sobrina fue imputada por homicidio simple.<\/p>\n<p>Durante el juicio la joven se confes\u00f3 arrepentida e insisti\u00f3 con su argumento de que trat\u00f3 de defenderse del abuso sexual de su t\u00edo, en tanto la Fiscal\u00eda pidi\u00f3 una condena de cinco a\u00f1os y los<br \/>\nfamiliares del fallecido, a trav\u00e9s de su abogado querellante, reclamaron 12 a\u00f1os de c\u00e1rcel.<\/p>\n<p>El defensor de la acusada hab\u00eda pedido su absoluci\u00f3n al sostener que la joven actu\u00f3 en leg\u00edtima defensa ante el abuso sexual al que intentaban someterla.<\/p>\n<p>Finalmente, la C\u00e1mara declar\u00f3 a Piatti autora de homicidio simple y la conden\u00f3 a purgar ocho a\u00f1os de prisi\u00f3n, la pena m\u00ednima contemplada para ese delito en el C\u00f3digo Penal.<\/p>\n","protected":false},"excerpt":{"rendered":"<p>Una joven de 20 a\u00f1os fue condenada a ocho a\u00f1os de c\u00e1rcel por la C\u00e1mara del Crimen de la ciudad cordobesa de R\u00edo Tercero, que la hall\u00f3 culpable de homicidio simple por asesinar a cuchilladas a un t\u00edo que intentaba violarla. Fuentes judiciales revelaron que la pena recay\u00f3 en J\u00e9sica Bel\u00e9n Piatti, quien junto a&hellip;<\/p>\n","protected":false},"author":1,"featured_media":0,"comment_status":"open","ping_status":"open","sticky":false,"template":"","format":"standard","meta":{"footnotes":""},"categories":[20],"tags":[153,1989,1988,41,1881,1990,271],"class_list":["post-3799","post","type-post","status-publish","format-standard","hentry","category-judiciales","tag-cordoba","tag-homicidio-simple","tag-jesica-belen-piatti","tag-justicia","tag-rio-tercero","tag-tio","tag-violacion"],"_links":{"self":[{"href":"https:\/\/www.elsindical.com.ar\/notas\/wp-json\/wp\/v2\/posts\/3799","targetHints":{"allow":["GET"]}}],"collection":[{"href":"https:\/\/www.elsindical.com.ar\/notas\/wp-json\/wp\/v2\/posts"}],"about":[{"href":"https:\/\/www.elsindical.com.ar\/notas\/wp-json\/wp\/v2\/types\/post"}],"author":[{"embeddable":true,"href":"https:\/\/www.elsindical.com.ar\/notas\/wp-json\/wp\/v2\/users\/1"}],"replies":[{"embeddable":true,"href":"https:\/\/www.elsindical.com.ar\/notas\/wp-json\/wp\/v2\/comments?post=3799"}],"version-history":[{"count":1,"href":"https:\/\/www.elsindical.com.ar\/notas\/wp-json\/wp\/v2\/posts\/3799\/revisions"}],"predecessor-version":[{"id":3801,"href":"https:\/\/www.elsindical.com.ar\/notas\/wp-json\/wp\/v2\/posts\/3799\/revisions\/3801"}],"wp:attachment":[{"href":"https:\/\/www.elsindical.com.ar\/notas\/wp-json\/wp\/v2\/media?parent=3799"}],"wp:term":[{"taxonomy":"category","embeddable":true,"href":"https:\/\/www.elsindical.com.ar\/notas\/wp-json\/wp\/v2\/categories?post=3799"},{"taxonomy":"post_tag","embeddable":true,"href":"https:\/\/www.elsindical.com.ar\/notas\/wp-json\/wp\/v2\/tags?post=3799"}],"curies":[{"name":"wp","href":"https:\/\/api.w.org\/{rel}","templated":true}]}}