{"id":37953,"date":"2013-10-08T12:09:09","date_gmt":"2013-10-08T15:09:09","guid":{"rendered":"http:\/\/www.elsindical.com.ar\/notas\/?p=37953"},"modified":"2013-10-08T12:09:09","modified_gmt":"2013-10-08T15:09:09","slug":"recoletapareja-de-novios-muere-por-perdida-de-gas-del-calefon","status":"publish","type":"post","link":"https:\/\/www.elsindical.com.ar\/notas\/recoletapareja-de-novios-muere-por-perdida-de-gas-del-calefon\/","title":{"rendered":"Recoleta:Pareja de novios muere por p\u00e9rdida de gas del calef\u00f3n"},"content":{"rendered":"<p><em><a href=\"http:\/\/www.elsindical.com.ar\/notas\/var\/www\/html\/notas\/wp-content\/uploads\/2013\/10\/pareja-muerta-por-gas.jpg\"><img loading=\"lazy\" decoding=\"async\" class=\"alignnone size-medium wp-image-37954\" alt=\"pareja-muerta-por-gas\" src=\"http:\/\/www.elsindical.com.ar\/notas\/var\/www\/html\/notas\/wp-content\/uploads\/2013\/10\/pareja-muerta-por-gas-300x193.jpg\" width=\"300\" height=\"193\" srcset=\"https:\/\/www.elsindical.com.ar\/notas\/var\/www\/html\/notas\/wp-content\/uploads\/2013\/10\/pareja-muerta-por-gas-300x193.jpg 300w, https:\/\/www.elsindical.com.ar\/notas\/var\/www\/html\/notas\/wp-content\/uploads\/2013\/10\/pareja-muerta-por-gas-464x300.jpg 464w, https:\/\/www.elsindical.com.ar\/notas\/var\/www\/html\/notas\/wp-content\/uploads\/2013\/10\/pareja-muerta-por-gas.jpg 502w\" sizes=\"auto, (max-width: 300px) 100vw, 300px\" \/><\/a>Una pareja, \u00e9l de 25 a\u00f1os y ella de 20, falleci\u00f3 por inhalaci\u00f3n de mon\u00f3xido de carbono debido a que el calef\u00f3n de la vivienda, ubicada en el barrio porte\u00f1o de Recoleta, funcionaba mal.<\/em><\/p>\n<p>Una joven pareja de novios fue encontrada muerta en un departamento del barrio porte\u00f1o de Recoleta y la polic\u00eda determin\u00f3 que las v\u00edctimas fallecieron intoxicadas por inhalaci\u00f3n de mon\u00f3xido de carbono. Seg\u00fan las pericias, el calef\u00f3n no funcionaba correctamente y habr\u00eda generado el mortal gas en la vivienda. El caso ocurri\u00f3 en el segundo piso de un edificio situado en Paraguay 2630 y fue descubierto por el encargado del lugar, quien autorizado por el padre del joven due\u00f1o de casa, entr\u00f3 a la unidad y hall\u00f3 a la pareja sin vida.<br \/>\nDurante la noche, los padres de los j\u00f3venes no pudieron comunicarse con sus hijos telef\u00f3nicamente, por lo que el portero entr\u00f3 con la copia de la llave. Fuentes del caso revelaron que el muchacho, de 25 a\u00f1os, fue encontrado en su cama, mientras que la chica, de 20, estaba en el ba\u00f1o al momento de morir.<\/p>\n<p>Al revisar los cuerpos de las v\u00edctimas los peritos comprobaron que no presentaban heridas ni violencia y luego, al controlar las instalaciones del departamento, los bomberos de la polic\u00eda, confirmaron que el calef\u00f3n no funcionaba bien.<br \/>\nPor ese motivo, los agentes pudieron confirmar que ese artefacto produjo el mon\u00f3xido de carbono que mezclado por el vapor de la ducha y la poca ventilaci\u00f3n, provoc\u00f3 la silenciosa muerte de la pareja.<br \/>\nHondo dramatismo se vivi\u00f3 cuando familiares de los j\u00f3venes llegaron hasta el departamento donde conviv\u00edan. Interviene en el caso personal de la comisar\u00eda 19\u00aa de la Polic\u00eda Federal.<\/p>\n","protected":false},"excerpt":{"rendered":"<p>Una pareja, \u00e9l de 25 a\u00f1os y ella de 20, falleci\u00f3 por inhalaci\u00f3n de mon\u00f3xido de carbono debido a que el calef\u00f3n de la vivienda, ubicada en el barrio porte\u00f1o de Recoleta, funcionaba mal. Una joven pareja de novios fue encontrada muerta en un departamento del barrio porte\u00f1o de Recoleta y la polic\u00eda determin\u00f3 que&hellip;<\/p>\n","protected":false},"author":1,"featured_media":0,"comment_status":"open","ping_status":"open","sticky":false,"template":"","format":"standard","meta":{"footnotes":""},"categories":[22],"tags":[17127,3551,323,958,3302],"class_list":["post-37953","post","type-post","status-publish","format-standard","hentry","category-policiales","tag-calefon","tag-gas","tag-joven","tag-policia-federal","tag-recoleta"],"_links":{"self":[{"href":"https:\/\/www.elsindical.com.ar\/notas\/wp-json\/wp\/v2\/posts\/37953","targetHints":{"allow":["GET"]}}],"collection":[{"href":"https:\/\/www.elsindical.com.ar\/notas\/wp-json\/wp\/v2\/posts"}],"about":[{"href":"https:\/\/www.elsindical.com.ar\/notas\/wp-json\/wp\/v2\/types\/post"}],"author":[{"embeddable":true,"href":"https:\/\/www.elsindical.com.ar\/notas\/wp-json\/wp\/v2\/users\/1"}],"replies":[{"embeddable":true,"href":"https:\/\/www.elsindical.com.ar\/notas\/wp-json\/wp\/v2\/comments?post=37953"}],"version-history":[{"count":1,"href":"https:\/\/www.elsindical.com.ar\/notas\/wp-json\/wp\/v2\/posts\/37953\/revisions"}],"predecessor-version":[{"id":37955,"href":"https:\/\/www.elsindical.com.ar\/notas\/wp-json\/wp\/v2\/posts\/37953\/revisions\/37955"}],"wp:attachment":[{"href":"https:\/\/www.elsindical.com.ar\/notas\/wp-json\/wp\/v2\/media?parent=37953"}],"wp:term":[{"taxonomy":"category","embeddable":true,"href":"https:\/\/www.elsindical.com.ar\/notas\/wp-json\/wp\/v2\/categories?post=37953"},{"taxonomy":"post_tag","embeddable":true,"href":"https:\/\/www.elsindical.com.ar\/notas\/wp-json\/wp\/v2\/tags?post=37953"}],"curies":[{"name":"wp","href":"https:\/\/api.w.org\/{rel}","templated":true}]}}