{"id":37929,"date":"2013-10-07T15:35:27","date_gmt":"2013-10-07T18:35:27","guid":{"rendered":"http:\/\/www.elsindical.com.ar\/notas\/?p=37929"},"modified":"2013-10-07T15:35:27","modified_gmt":"2013-10-07T18:35:27","slug":"cristina-sera-operada-manana-en-la-fundacion-favaloro","status":"publish","type":"post","link":"https:\/\/www.elsindical.com.ar\/notas\/cristina-sera-operada-manana-en-la-fundacion-favaloro\/","title":{"rendered":"Cristina ser\u00e1 operada ma\u00f1ana en la Fundaci\u00f3n Favaloro"},"content":{"rendered":"<p><em><a href=\"http:\/\/www.elsindical.com.ar\/notas\/var\/www\/html\/notas\/wp-content\/uploads\/2013\/10\/Cristina-enferma.jpg\"><img loading=\"lazy\" decoding=\"async\" class=\"alignnone size-medium wp-image-37930\" alt=\"Cristina-enferma\" src=\"http:\/\/www.elsindical.com.ar\/notas\/var\/www\/html\/notas\/wp-content\/uploads\/2013\/10\/Cristina-enferma-300x193.jpg\" width=\"300\" height=\"193\" srcset=\"https:\/\/www.elsindical.com.ar\/notas\/var\/www\/html\/notas\/wp-content\/uploads\/2013\/10\/Cristina-enferma-300x193.jpg 300w, https:\/\/www.elsindical.com.ar\/notas\/var\/www\/html\/notas\/wp-content\/uploads\/2013\/10\/Cristina-enferma-465x300.jpg 465w, https:\/\/www.elsindical.com.ar\/notas\/var\/www\/html\/notas\/wp-content\/uploads\/2013\/10\/Cristina-enferma.jpg 531w\" sizes=\"auto, (max-width: 300px) 100vw, 300px\" \/><\/a>La Presidenta ingres\u00f3 hoy luego de sufrir un \u00abhormigueo en el brazo\u00bb y \u00abperdida de la fuerza muscular\u00bb en esa zona, seg\u00fan un comunicado difundido por el centro m\u00e9dico. Se decidi\u00f3 intervenirla a ra\u00edz del hematoma craneal.<\/em><\/p>\n<p>La Presidenta <b>Cristina Kirchner<\/b> ser\u00e1 operada ma\u00f1ana por la ma\u00f1ana del hematoma craneal, tras sufrir nuevos malestares f\u00edsicos, inform\u00f3 esta tarde la <b>Fundaci\u00f3n Favaloro<\/b>.<\/p>\n<p>Seg\u00fan un comunicado de esa instituci\u00f3n la jefa de Estado sinti\u00f3 un <b>\u00abhormigueo en el brazo\u00bb<\/b> por lo que se le efectu\u00f3 un examen f\u00edsico neurol\u00f3gico en la Residencia de Olivos en el que se <b>\u00abconstat\u00f3 una transitoria y leve p\u00e9rdida de la fuerza muscular del mismo miembro superior\u00bb<\/b>.<\/p>\n<p>\u00abFrente a dicho cuadro cl\u00ednico este equipo indica la intervenci\u00f3n quir\u00fargica. La misma consiste b\u00e1sicamente en la evacuaci\u00f3n quir\u00fargica de dicho hematoma\u00bb, agreg\u00f3 el comunicado firmado por el doctor <b>Gerardo Bozovich<\/b>, director m\u00e9dico de la Fundaci\u00f3n Favaloro y el doctor<b> Facundo Manes<\/b>, director del Instituto de Neurociencias de la misma instituci\u00f3n.<\/p>\n<p>El comunicado que acerc\u00f3 el Secretario de Comunicaci\u00f3n P\u00fablica <b>Alfredo Scoccimarro<\/b> a la sala de periodistas de la Casa de Gobierno agrega que<b> \u00abla intervenci\u00f3n tendr\u00e1 lugar el martes 8 de octubre de 2013 en horas de la ma\u00f1ana\u00bb.<\/b><\/p>\n<p>La jefa de Estado arrib\u00f3 al centro m\u00e9dico cerca del mediod\u00eda, procedente de la quinta presidencial de Olivos. Lo hizo a bordo de un autom\u00f3vil Audi gris, en el asiento del acompa\u00f1ante.<\/p>\n","protected":false},"excerpt":{"rendered":"<p>La Presidenta ingres\u00f3 hoy luego de sufrir un \u00abhormigueo en el brazo\u00bb y \u00abperdida de la fuerza muscular\u00bb en esa zona, seg\u00fan un comunicado difundido por el centro m\u00e9dico. Se decidi\u00f3 intervenirla a ra\u00edz del hematoma craneal. La Presidenta Cristina Kirchner ser\u00e1 operada ma\u00f1ana por la ma\u00f1ana del hematoma craneal, tras sufrir nuevos malestares f\u00edsicos,&hellip;<\/p>\n","protected":false},"author":1,"featured_media":0,"comment_status":"open","ping_status":"open","sticky":false,"template":"","format":"standard","meta":{"footnotes":""},"categories":[13],"tags":[4524,1002],"class_list":["post-37929","post","type-post","status-publish","format-standard","hentry","category-politica","tag-fundacion-favaloro","tag-operacion"],"_links":{"self":[{"href":"https:\/\/www.elsindical.com.ar\/notas\/wp-json\/wp\/v2\/posts\/37929","targetHints":{"allow":["GET"]}}],"collection":[{"href":"https:\/\/www.elsindical.com.ar\/notas\/wp-json\/wp\/v2\/posts"}],"about":[{"href":"https:\/\/www.elsindical.com.ar\/notas\/wp-json\/wp\/v2\/types\/post"}],"author":[{"embeddable":true,"href":"https:\/\/www.elsindical.com.ar\/notas\/wp-json\/wp\/v2\/users\/1"}],"replies":[{"embeddable":true,"href":"https:\/\/www.elsindical.com.ar\/notas\/wp-json\/wp\/v2\/comments?post=37929"}],"version-history":[{"count":1,"href":"https:\/\/www.elsindical.com.ar\/notas\/wp-json\/wp\/v2\/posts\/37929\/revisions"}],"predecessor-version":[{"id":37931,"href":"https:\/\/www.elsindical.com.ar\/notas\/wp-json\/wp\/v2\/posts\/37929\/revisions\/37931"}],"wp:attachment":[{"href":"https:\/\/www.elsindical.com.ar\/notas\/wp-json\/wp\/v2\/media?parent=37929"}],"wp:term":[{"taxonomy":"category","embeddable":true,"href":"https:\/\/www.elsindical.com.ar\/notas\/wp-json\/wp\/v2\/categories?post=37929"},{"taxonomy":"post_tag","embeddable":true,"href":"https:\/\/www.elsindical.com.ar\/notas\/wp-json\/wp\/v2\/tags?post=37929"}],"curies":[{"name":"wp","href":"https:\/\/api.w.org\/{rel}","templated":true}]}}