{"id":379,"date":"2009-09-16T08:00:58","date_gmt":"2009-09-16T11:00:58","guid":{"rendered":"http:\/\/www.elsindical.com.ar\/notas\/?p=379"},"modified":"2009-09-16T08:00:58","modified_gmt":"2009-09-16T11:00:58","slug":"un-fallo-judicial-indemniza-a-la-familia-del-delincuente-que-mato-a-un-empleado-pero-no-asi-a-la-familia-de-la-victima","status":"publish","type":"post","link":"https:\/\/www.elsindical.com.ar\/notas\/un-fallo-judicial-indemniza-a-la-familia-del-delincuente-que-mato-a-un-empleado-pero-no-asi-a-la-familia-de-la-victima\/","title":{"rendered":"Un fallo judicial indemniza a la familia del delincuente que mat\u00f3 a un empleado, pero no as\u00ed a la familia de la v\u00edctima"},"content":{"rendered":"<p style=\"text-align: justify;\"><em><img loading=\"lazy\" decoding=\"async\" class=\"alignleft size-full wp-image-380\" title=\"Hotel-Restaurante-Bar Espa\u00f1ol\" src=\"http:\/\/www.elsindical.com.ar\/notas\/var\/www\/html\/notas\/wp-content\/uploads\/2009\/09\/Hotel-Restaurante-Bar-Espa\u00f1ol.jpg\" alt=\"Hotel-Restaurante-Bar Espa\u00f1ol\" width=\"300\" height=\"200\" \/>El delincuente fue abatido por la Polic\u00eda, pero la C\u00e1mara Civil orden\u00f3 al Estado que pague 85 mil pesos a la esposa y\u00a0a los dos hijos del\u00a0agresor.\u00a0<strong>La hija de la v\u00edctima del asalto\u00a0<\/strong><strong>revel\u00f3 que ella y su mam\u00e1 quedaron sin sustento y que nadie las ayuda.<\/strong><\/em><\/p>\n<p id=\"cuerpoNota\" style=\"text-align: justify;\"><strong>V\u00edctor Contrera <\/strong>fue asesinado en el bar <em>El Espa\u00f1ol del Sud <\/em>cuando estaba trabajando como mozo. El hombre <strong>ten\u00eda cuatro hijos y una mujer analfabeta<\/strong>. <strong>Los cinco quedaron sin sustento econ\u00f3mico <\/strong>en el momento en que <strong>un ladr\u00f3n entr\u00f3 a robar al local y lo mat\u00f3<\/strong>.<\/p>\n<p>Sin embargo, por orden de la <strong>C\u00e1mara en lo Civil y Comercial Federal<\/strong>, integrada por los doctores <strong>Mart\u00edn Farrell <\/strong>y <strong>Mar\u00eda Najurieta<\/strong>, la Polic\u00eda Federal indemniz\u00f3 a <strong>la esposa y a los dos hijos del delincuente con 85 mil pesos. Esto fue \u00aben funci\u00f3n de las responsabilidades de esposo y padre\u00bb que supuestamente cumpl\u00eda<\/strong>. <strong><br \/>\n<\/strong><br \/>\nLa hija de la v\u00edctima, Alejandra, envi\u00f3 una carta de lectores al diario <em>La Naci\u00f3n\u00a0<\/em>para denunciar la situaci\u00f3n que le toca vivir. Explica que le escribi\u00f3 a la Presidente para pedirle justicia, sin embargo,<strong> recibi\u00f3 una carta del doctor Marcovechio, director de Audiencias, excus\u00e1ndose porque no pod\u00eda hacer nada.<br \/>\n<\/strong><br \/>\n\u00ab<strong>No entiendo por qu\u00e9 la familia del delincuente tiene derecho a una indemnizaci\u00f3n y mi familia no, cuando el Estado es responsable y el \u00fanico que puede y debe garantizar la seguridad<\/strong>\u00ab, concluye la mujer.<\/p>\n<p style=\"text-align: justify;\">Carta al diario La Naci\u00f3n:<\/p>\n<p><strong>\u00bfIndemnizaci\u00f3n? <\/strong><\/p>\n<p style=\"text-align: justify;\">Se\u00ad\u00f1or Di\u00adrec\u00adtor:<\/p>\n<p style=\"text-align: justify;\">\u00abLa C\u00e1mara en lo Civil y Comercial Federal, integrada por los doctores Mart\u00edn Farrell y Mar\u00eda Najurieta, conden\u00f3 a la Polic\u00eda Federal a indemnizar con 85.000 pesos a la esposa y los dos hijos de un delincuente muerto en un asalto, en funci\u00f3n de las responsabilidades de esposo y padre que el ladr\u00f3n cumpl\u00eda.<\/p>\n<p style=\"text-align: justify;\">\u00abMi padre, V\u00edctor Contrera, fue asesinado en ocasi\u00f3n de un asalto en el bar El Espa\u00f1ol del Sud, donde trabajaba de mozo. Este hecho dej\u00f3 a mi madre (que no sabe leer ni escribir) y a mis hermanos, de 4, 3 y 17 a\u00f1os (y a m\u00ed misma), sin el proveedor de sustento. Escrib\u00ed una carta a la Presidenta para explicarle lo sucedido y solicitarle un subsidio que cubriera al menos la escolaridad de mis hermanos. A los pocos d\u00edas el doctor Marcovechio, director de Audiencias, nos contest\u00f3 que no pod\u00edan hacer nada. Tanto mi pap\u00e1 como el ladr\u00f3n ten\u00edan responsabilidades familiares, excepto que mi pap\u00e1 las afrontaba con su trabajo esforzado y honesto.<\/p>\n<p style=\"text-align: justify;\">\u00abNo entiendo por qu\u00e9 la familia del delincuente tiene derecho a una indemnizaci\u00f3n y mi familia no, cuando el Estado es responsable y el \u00fanico que puede y debe garantizar la seguridad.\u00bb<\/p>\n<p style=\"text-align: justify;\"><strong>Alejandra Contrera<br \/>\nDNI 27.142.385<br \/>\n<a href=\"mailto:newisa@fibertel.com.ar\">newisa@fibertel.com.ar<\/a><\/strong><\/p>\n<p style=\"text-align: justify;\"><strong>\u00a0<\/strong><\/p>\n","protected":false},"excerpt":{"rendered":"<p>El delincuente fue abatido por la Polic\u00eda, pero la C\u00e1mara Civil orden\u00f3 al Estado que pague 85 mil pesos a la esposa y\u00a0a los dos hijos del\u00a0agresor.\u00a0La hija de la v\u00edctima del asalto\u00a0revel\u00f3 que ella y su mam\u00e1 quedaron sin sustento y que nadie las ayuda. V\u00edctor Contrera fue asesinado en el bar El Espa\u00f1ol&hellip;<\/p>\n","protected":false},"author":1,"featured_media":0,"comment_status":"open","ping_status":"open","sticky":false,"template":"","format":"standard","meta":{"footnotes":""},"categories":[1,20],"tags":[196,197,147,41,30,198],"class_list":["post-379","post","type-post","status-publish","format-standard","hentry","category-destacadas","category-judiciales","tag-delincuente","tag-fallo","tag-familia","tag-justicia","tag-policia","tag-victima"],"_links":{"self":[{"href":"https:\/\/www.elsindical.com.ar\/notas\/wp-json\/wp\/v2\/posts\/379","targetHints":{"allow":["GET"]}}],"collection":[{"href":"https:\/\/www.elsindical.com.ar\/notas\/wp-json\/wp\/v2\/posts"}],"about":[{"href":"https:\/\/www.elsindical.com.ar\/notas\/wp-json\/wp\/v2\/types\/post"}],"author":[{"embeddable":true,"href":"https:\/\/www.elsindical.com.ar\/notas\/wp-json\/wp\/v2\/users\/1"}],"replies":[{"embeddable":true,"href":"https:\/\/www.elsindical.com.ar\/notas\/wp-json\/wp\/v2\/comments?post=379"}],"version-history":[{"count":2,"href":"https:\/\/www.elsindical.com.ar\/notas\/wp-json\/wp\/v2\/posts\/379\/revisions"}],"predecessor-version":[{"id":382,"href":"https:\/\/www.elsindical.com.ar\/notas\/wp-json\/wp\/v2\/posts\/379\/revisions\/382"}],"wp:attachment":[{"href":"https:\/\/www.elsindical.com.ar\/notas\/wp-json\/wp\/v2\/media?parent=379"}],"wp:term":[{"taxonomy":"category","embeddable":true,"href":"https:\/\/www.elsindical.com.ar\/notas\/wp-json\/wp\/v2\/categories?post=379"},{"taxonomy":"post_tag","embeddable":true,"href":"https:\/\/www.elsindical.com.ar\/notas\/wp-json\/wp\/v2\/tags?post=379"}],"curies":[{"name":"wp","href":"https:\/\/api.w.org\/{rel}","templated":true}]}}