{"id":37878,"date":"2013-10-06T01:16:38","date_gmt":"2013-10-06T04:16:38","guid":{"rendered":"http:\/\/www.elsindical.com.ar\/notas\/?p=37878"},"modified":"2013-10-06T01:16:38","modified_gmt":"2013-10-06T04:16:38","slug":"separan-de-la-policia-federal-a-los-dos-jefes-de-la-comisaria-49","status":"publish","type":"post","link":"https:\/\/www.elsindical.com.ar\/notas\/separan-de-la-policia-federal-a-los-dos-jefes-de-la-comisaria-49\/","title":{"rendered":"Separan de la Polic\u00eda Federal a los dos Jefes de la comisar\u00eda 49"},"content":{"rendered":"<p><em><a href=\"http:\/\/www.elsindical.com.ar\/notas\/var\/www\/html\/notas\/wp-content\/uploads\/2013\/09\/patrullero-quemado-en-la-49.jpg\"><img loading=\"lazy\" decoding=\"async\" class=\"alignnone size-medium wp-image-37765\" alt=\"patrullero-quemado-en-la-49\" src=\"http:\/\/www.elsindical.com.ar\/notas\/var\/www\/html\/notas\/wp-content\/uploads\/2013\/09\/patrullero-quemado-en-la-49-300x170.jpg\" width=\"300\" height=\"170\" srcset=\"https:\/\/www.elsindical.com.ar\/notas\/var\/www\/html\/notas\/wp-content\/uploads\/2013\/09\/patrullero-quemado-en-la-49-300x170.jpg 300w, https:\/\/www.elsindical.com.ar\/notas\/var\/www\/html\/notas\/wp-content\/uploads\/2013\/09\/patrullero-quemado-en-la-49-500x284.jpg 500w, https:\/\/www.elsindical.com.ar\/notas\/var\/www\/html\/notas\/wp-content\/uploads\/2013\/09\/patrullero-quemado-en-la-49.jpg 531w\" sizes=\"auto, (max-width: 300px) 100vw, 300px\" \/><\/a>La decisi\u00f3n fue tomada por el secretario de la Naci\u00f3n, Sergio Berni, y recae sobre el Comisario y Subcomisario. Eric Milton Ponce est\u00e1 grave tras ser baleado por un polic\u00eda en una plaza, en un confuso episodio.<\/em><\/p>\n<p>El Comisario y el Subcomisario de la seccional 49na. de Villa Urquiza fueron desplazados en las \u00faltimas horas por decisi\u00f3n del secretario de la Naci\u00f3n, Sergio Berni, tras los incidentes que se produjeron el domingo pasado en esa dependencia, luego de que un joven fuera baleado por un polic\u00eda bonaerense.<\/p>\n<p>Fuentes policiales revelaron a Noticias Argentinas que el titular de la comisar\u00eda, Julio Bernachea Arias, y el segundo jefe, Daniel Meglioli, fueron pasados a disponibilidad el viernes, cuya medida fue publicada en la Orden del D\u00eda Interna(ODI) n\u00famero 184 de la fuerza.<\/p>\n<p>Bernachea Arias fue reemplazado por el Subcomisario Marcelo Galluzzi, mientras que Meglioli fue sustituido por el Subcomisario Aldo Minola, ya que ambos comenzaron con su tarea el viernes mismo.<\/p>\n<p>El efectivo de la Metropolitana acusado del hecho, David Cavaleiro, expres\u00f3 que \u00abno intervino\u00bb en el hecho de la plaza Alberdi en el que termin\u00f3 herido Eric Ponce, el domingo a la tarde, ni \u00abtampoco vio lo que sucedi\u00f3\u00bb, revelaron a DyN fuentes con acceso al expediente.<\/p>\n<p>En tanto, Ponce, de 29 a\u00f1os, contin\u00faa en \u00abgrave estado\u00bb y en \u00abcoma inducido\u00bb en una sala de terapia intensiva del hospital Pirovano con un cuadro de \u00abneumon\u00eda\u00bb, inform\u00f3 el parte m\u00e9dico.<\/p>\n<p>Ambos hermanos fueron sometidos a rueda de reconocimiento de personas, y en el caso de David Cabaleiro dio resultado \u00abpositivo\u00bb, ya que dos testigos lo identificaron como la persona que dispar\u00f3 contra Ponce.<\/p>\n<p>Sobre su hermano, en tanto, surgieron dudas, porque si bien algunos testigos dijeron haberlo visto en la escena de los hechos, no pudieron precisar con exactitud si estaba all\u00ed cuando se produjo el disparo o lleg\u00f3 despu\u00e9s, tal como \u00e9l mismo reconoci\u00f3.<\/p>\n<p>\u00abLos dos son muy parecidos f\u00edsicamente, lo que puede llevar a confusi\u00f3n\u00bb, describi\u00f3 una fuente. Los dos efectivos policiales permanecer\u00e1n detenidos aunque en el caso del metropolitano existe la posibilidad de que sea liberado en los pr\u00f3ximos d\u00edas si se comprobara que no estuvo en el momento del disparo y que lleg\u00f3 despu\u00e9s en un intento de \u00abayudar\u00bb a su hermano.<\/p>\n<p>En ese caso, quedar\u00eda exento de cualquier imputaci\u00f3n penal, por cuanto el delito de \u00abencubrimiento\u00bb no se configura entre c\u00f3nyuges ni hermanos.<\/p>\n<p>De los testimonios que brindaron ayer ante el Juez los amigos de Ponce que estaban con \u00e9l cuando fue atacado y vecinos que fueron testigos, surgi\u00f3 la presencia de una tercera persona junto con los hermanos Cabaleiro.<\/p>\n<p>Los testigos coincidieron que se trata de un hombre de pelo largo que agredi\u00f3 con trompadas a Ponce y sus amigos, pero hasta ahora no fue identificado y se trabajaba en dar con \u00e9l.<\/p>\n<p>Por otra parte, trascendi\u00f3 que el Juez Pagano Mata dispuso una serie de pericias sobre el proyectil extra\u00eddo de la cabeza de Ponce y el casquillo percutado de esa bala, secuestrado en la plaza de Villa Urquiza donde ocurrieron los hechos por efectivos de la Polic\u00eda Federal.<\/p>\n<p>Tambi\u00e9n aguarda los resultados del dermotest de ambos hermanos -para determinar si hay p\u00f3lvora en sus manos- y de las alcoholemias.<\/p>\n<p>El magistrado continu\u00f3 hoy tomando declaraci\u00f3n a testigos, entre ellas la due\u00f1a del sal\u00f3n donde se celebraba el festejo de la comuni\u00f3n de la que participaban los Cabaleiro.<\/p>\n<p>La mujer aport\u00f3 el nombre de la persona que alquil\u00f3 el lugar y se espera que declare ma\u00f1ana.<\/p>\n<p>El hecho ocurri\u00f3 el domingo por la tarde, en la Plaza Alberdi, de esta ciudad, cuando algunos j\u00f3venes -entre los cuales estaba Ponce- vieron al due\u00f1o de un auto que estaba estacionado en el lugar y le avisaron que ten\u00eda que pagar 20 pesos porque le estaban cuidando el veh\u00edculo.<\/p>\n<p>Aunque los j\u00f3venes aseguraron que se trat\u00f3 de una \u00abbroma\u00bb, al rato aparecieron dos personas que ser\u00edan los Cabaleiro increpando por el dinero que le hab\u00edan reclamado y comenz\u00f3 una discusi\u00f3n que deriv\u00f3 en golpes de pu\u00f1o y que termin\u00f3 con Ponce con un tiro en la cabeza.<\/p>\n<p>Los Cabaleiro se entregaron un d\u00eda despu\u00e9s -David en el juzgado y Jos\u00e9 Luis en la comisar\u00eda 49- y desde entonces est\u00e1n presos.<\/p>\n","protected":false},"excerpt":{"rendered":"<p>La decisi\u00f3n fue tomada por el secretario de la Naci\u00f3n, Sergio Berni, y recae sobre el Comisario y Subcomisario. Eric Milton Ponce est\u00e1 grave tras ser baleado por un polic\u00eda en una plaza, en un confuso episodio. El Comisario y el Subcomisario de la seccional 49na. de Villa Urquiza fueron desplazados en las \u00faltimas horas&hellip;<\/p>\n","protected":false},"author":1,"featured_media":0,"comment_status":"open","ping_status":"open","sticky":false,"template":"","format":"standard","meta":{"footnotes":""},"categories":[22],"tags":[4724,17100,17101],"class_list":["post-37878","post","type-post","status-publish","format-standard","hentry","category-policiales","tag-comisaria-49","tag-comisario-julio-bernachea","tag-subcomisario-daniel-meglioli"],"_links":{"self":[{"href":"https:\/\/www.elsindical.com.ar\/notas\/wp-json\/wp\/v2\/posts\/37878","targetHints":{"allow":["GET"]}}],"collection":[{"href":"https:\/\/www.elsindical.com.ar\/notas\/wp-json\/wp\/v2\/posts"}],"about":[{"href":"https:\/\/www.elsindical.com.ar\/notas\/wp-json\/wp\/v2\/types\/post"}],"author":[{"embeddable":true,"href":"https:\/\/www.elsindical.com.ar\/notas\/wp-json\/wp\/v2\/users\/1"}],"replies":[{"embeddable":true,"href":"https:\/\/www.elsindical.com.ar\/notas\/wp-json\/wp\/v2\/comments?post=37878"}],"version-history":[{"count":1,"href":"https:\/\/www.elsindical.com.ar\/notas\/wp-json\/wp\/v2\/posts\/37878\/revisions"}],"predecessor-version":[{"id":37879,"href":"https:\/\/www.elsindical.com.ar\/notas\/wp-json\/wp\/v2\/posts\/37878\/revisions\/37879"}],"wp:attachment":[{"href":"https:\/\/www.elsindical.com.ar\/notas\/wp-json\/wp\/v2\/media?parent=37878"}],"wp:term":[{"taxonomy":"category","embeddable":true,"href":"https:\/\/www.elsindical.com.ar\/notas\/wp-json\/wp\/v2\/categories?post=37878"},{"taxonomy":"post_tag","embeddable":true,"href":"https:\/\/www.elsindical.com.ar\/notas\/wp-json\/wp\/v2\/tags?post=37878"}],"curies":[{"name":"wp","href":"https:\/\/api.w.org\/{rel}","templated":true}]}}