{"id":37875,"date":"2013-10-06T00:57:55","date_gmt":"2013-10-06T03:57:55","guid":{"rendered":"http:\/\/www.elsindical.com.ar\/notas\/?p=37875"},"modified":"2013-10-06T00:57:55","modified_gmt":"2013-10-06T03:57:55","slug":"por-recomendacion-media-cristina-f-kirchner-delega-la-presidencia-en-boudou","status":"publish","type":"post","link":"https:\/\/www.elsindical.com.ar\/notas\/por-recomendacion-media-cristina-f-kirchner-delega-la-presidencia-en-boudou\/","title":{"rendered":"Por recomendaci\u00f3n m\u00e9dia Cristina F. Kirchner delega la presidencia en Boudou"},"content":{"rendered":"<p><em><a href=\"http:\/\/www.elsindical.com.ar\/notas\/var\/www\/html\/notas\/wp-content\/uploads\/2012\/12\/Cristina-triste.jpg\"><img loading=\"lazy\" decoding=\"async\" class=\"alignnone size-medium wp-image-30735\" alt=\"Cristina-triste\" src=\"http:\/\/www.elsindical.com.ar\/notas\/var\/www\/html\/notas\/wp-content\/uploads\/2012\/12\/Cristina-triste-300x129.jpg\" width=\"300\" height=\"129\" srcset=\"https:\/\/www.elsindical.com.ar\/notas\/var\/www\/html\/notas\/wp-content\/uploads\/2012\/12\/Cristina-triste-300x129.jpg 300w, https:\/\/www.elsindical.com.ar\/notas\/var\/www\/html\/notas\/wp-content\/uploads\/2012\/12\/Cristina-triste-500x215.jpg 500w, https:\/\/www.elsindical.com.ar\/notas\/var\/www\/html\/notas\/wp-content\/uploads\/2012\/12\/Cristina-triste.jpg 502w\" sizes=\"auto, (max-width: 300px) 100vw, 300px\" \/><\/a>La jefa de Estado padece una<b> \u00abcolecci\u00f3n subdural cr\u00f3nica<\/b>\u00ab, inform\u00f3 esta noche\u00a0 el secretario de Comunicaci\u00f3n P\u00fablica,<b> Alfredo Scoccimarro<\/b>. \u00abNo puede hacer ning\u00fan esfuerzo intelectual, hay que cuidar su cerebro\u00bb, aseguraron los especialistas. El vicepresidente regres\u00f3 al pa\u00eds de urgencia.<\/em><\/p>\n<p>La presidente <b>Cristina Kirchner<\/b> padece una<b> \u00abcolecci\u00f3n subdural cr\u00f3nica\u00bb<\/b> y tendr\u00e1 un\u00a0 mes de \u00abreposo\u00bb, por prescripci\u00f3n m\u00e9dica. As\u00ed lo inform\u00f3 el s\u00e1bado por la noche\u00a0 el secretario de Comunicaci\u00f3n P\u00fablica, Alfredo Scoccimarro, luego de que la jefa\u00a0 de Estado ingresara al Hospital Universitario de la Fundaci\u00f3n Favaloro para\u00a0 hacerse estudios por un <b>cuadro de \u00abcefaleas\u00bb<\/b>.<\/p>\n<p>\u00abLa Presidenta concurri\u00f3 a la\u00a0 Fundaci\u00f3n Favaloro para realizarse un <b>estudio cardiovascular<\/b> por una <b>arritmia<\/b> de\u00a0 estudio, y debido a que present\u00f3 un <b>cuadro de cefaleas<\/b> se solicit\u00f3 su evaluaci\u00f3n\u00a0 neurol\u00f3gica al instituto de neurociencias de la mencionada fundaci\u00f3n que preside Facundo Manes\u00bb, indic\u00f3 el\u00a0 vocero presidencial. Y agreg\u00f3: \u00abUna vez realizados los estudios de control\u00a0 correspondientes se arrib\u00f3 al diagn\u00f3stico de colecci\u00f3n subdural cr\u00f3nica, y <b>se\u00a0 indic\u00f3 reposo de un mes<\/b> junto al seguimiento evolutivo estricto\u00bb. El cuadro es com\u00fanmente conocido como un hematoma cerebral.<\/p>\n<div>En uno de los estudios realizados, una resonancia magn\u00e9tica, los m\u00e9dicos encontraron l\u00edquido dentro cerebro de la mandataria. No se sabe, o al menos no lo confirmaron, si se trata de sangre u otro tipo de flujo. Pero \u00e9ste resultado fue el determinante del reposo.<\/div>\n<div><\/div>\n<div>El neurocirujano Manes estaba en el interior del pa\u00eds y fue llamado de urgencia por el cuadro de la Presidente. Los m\u00e9dicos de su equipo junto con los de la Fundaci\u00f3n Favaloro fueron los que recomendaron la delegaci\u00f3n del mando en el vicepresidente porque \u00ab<b>no puede realizar ning\u00fan esfuerzo intelectual, debemos cuidad el cerebro de Cristina<\/b>\u00ab, asegur\u00f3 a <b>Infobae<\/b> uno de los especialistas que analizaron el caso.<\/div>\n<div><\/div>\n<div>Sobre c\u00f3mo se resolver\u00eda el cuadro cerebrovascular que le diagnosticaron a la jefa de Estado, la misma fuente explic\u00f3 que <b>puede reabsorberse el l\u00edquido por s\u00ed solo, y en caso contrario ser\u00e1 necesaria una intervenci\u00f3n quir\u00fargica<\/b>.<\/div>\n<div><\/div>\n<div>Si bien no se precis\u00f3 el origen del hematoma, el vocero presidencial comenz\u00f3 su relato explicando que \u00abla Presidente\u00a0<b>sufri\u00f3 el d\u00eda 12 de agosto de este a\u00f1o un traumatismo de cr\u00e1neo<\/b>, por el cual se le realiz\u00f3 una tomograf\u00eda computada de cerebro en el sanatorio Otamendi, resultando la misma normal. Posteriormente\u00a0<b>no present\u00f3 s\u00edntomas\u00bb<\/b>.<\/div>\n<div><\/div>\n<div>Al menos ese era el cuadro hasta ayer, cuando la Presidente sufri\u00f3 cefaleas y asisti\u00f3 a la Fundaci\u00f3n Favaloro para controles donde se le diagnostic\u00f3 el cuadro cerebrovascular ya detallado.<\/div>\n<div>\n<div id=\"1648554-1535512835_epigrafe\"><\/div>\n<p>La jefa de Estado permaneci\u00f3 en la\u00a0 Fundaci\u00f3n Favaloro <b>cerca de ocho horas<\/b>. \u00c9sta fue la<b> tercera vez que Cristina Kirchner elige una instituci\u00f3n privada <\/b>para tratarse por un problema de salud. El a\u00f1o pasado, fue sometida a una operaci\u00f3n en el <b>Hospital Austral<\/b> en la que se le extirp\u00f3 la\u00a0 <b>gl\u00e1ndula tiroides<\/b> luego de que se le diagnosticara c\u00e1ncer en la regi\u00f3n. No\u00a0 obstante, tras el procedimiento quir\u00fargico, estudios finales indicaron que no\u00a0 se encontraron c\u00e9lulas cancer\u00edgenas.<\/p>\n<div><\/div>\n<div>En agosto pasado se realiz\u00f3 un chequeo en\u00a0 el <b>sanatorio Otamendi, se hab\u00eda dicho en su momento que eran estudios de rutina, pero hoy se supo que fue una revisi\u00f3n posterior a un traumatismo de cr\u00e1neo que se desconoce c\u00f3mo se origin\u00f3<\/b>.<\/div>\n<div><\/div>\n<div>Este s\u00e1bado la\u00a0 jefa de Estado fue<b> alojada en la habitaci\u00f3n 911 del noveno piso dela Fundaci\u00f3n Favaloro<\/b>, en la avenida Belgrano\u00a0 al 1700 del barrio porte\u00f1o de Montserrat. En torno de las instalaciones de la instituci\u00f3n no\u00a0 se not\u00f3 mayor movimiento, ni custodia especial.<\/p>\n<div>\n<p>Por su parte, el vicepresidente Amado Boudou, quien quedar\u00e1 a cargo de la Presidencia, regres\u00f3 al pa\u00eds este s\u00e1bado entre las 23 y 23.30 desde Brasilia, donde se reuni\u00f3 con su colega del Senado Federal brasile\u00f1o, Ren\u00e1n Calheiros, y el ex presidente de Brasil y actual senador Jos\u00e9 Sarney.<\/p>\n<div><b>Antecedentes m\u00e9dicos de la Presidente\u00a0<\/b><\/div>\n<div><\/div>\n<div>El \u00faltimo\u00a0 chequeo que se practic\u00f3 Cristina Kirchner hab\u00eda sido en agosto de este a\u00f1o en\u00a0 el sanatorio Otamendi de la Capital Federal. En esa oportunidad, ingres\u00f3 a las 8\u00a0 de la ma\u00f1ana y se realiz\u00f3 una mamograf\u00eda, un estudio papanicolaou y otras\u00a0 revisiones de rutina, que arrojaron resultados normales. Sin embargo, ayer se supo que el motivo de los an\u00e1lisis fue un traumatismo de cr\u00e1neo. En ese mismo nosocomio\u00a0 naci\u00f3 <b>N\u00e9stor Iv\u00e1n<\/b>, hijo de <b>M\u00e1ximo Kirchner<\/b> y <b>Roc\u00edo\u00a0 Garc\u00eda<\/b>.<\/div>\n<div><\/div>\n<div>La jefe de Estado tiene<b> hipotensi\u00f3n arterial<\/b> cr\u00f3nica. El a\u00f1o pasado debi\u00f3 cancelar dos veces sus actividades por un baj\u00f3n de presi\u00f3n, el 31 de octubre y el 22 de agosto. Por aquellos episodios, la Unidad M\u00e9dica Presidencial, a cargo de Luis Buonomo, hab\u00eda dado 48 horas de reposo.La primera vez que la Presidente sufri\u00f3 un cuadro de <b>lipotimia<\/b> fue en 2009, cuando debi\u00f3 suspender un viaje a Cuba por una semana. En 2011, antes de las elecciones presidenciales, cancel\u00f3 en abril su asistencia a una visita de Estado en M\u00e9xico, y en mayo a una cumbre en Paraguay.<\/p>\n<p>Las <b>bajas de presi\u00f3n<\/b> descriptas <b>no est\u00e1n relacionadas con la medicaci\u00f3n<\/b> que la jefa de Estado toma todos los d\u00edas desde que en enero de 2012 le extirparon la gl\u00e1ndula tiroides. La Presidente reemplaza esa falta con levotiroxina.<\/p>\n<p>Aquella intervenci\u00f3n quir\u00fargica fue el problema de salud m\u00e1s importantes que atraves\u00f3 la Presidente, cuando fue<b> operada durante 3 horas y media en el Hospital Austral<\/b> por la extracci\u00f3n de su gl\u00e1ndula tiroides. La cirug\u00eda se concret\u00f3 sin complicaciones.<\/p>\n<div><b><span style=\"text-decoration: underline;\">A continuaci\u00f3n el\u00a0comunicado oficial anoche\u00a0emitido por la Presidencia de la Naci\u00f3n:<\/span><\/b><\/div>\n<div><\/div>\n<div>\u00abLa Sra. Presidenta de la Naci\u00f3n, Dra. Cristina Fern\u00e1ndez de Kirchner,\u00a0<b>sufri\u00f3 el d\u00eda 12 de agosto de este a\u00f1o un traumatismo de cr\u00e1neo<\/b>, por el cual se le realiz\u00f3 una tomograf\u00eda computada de cerebro en el sanatorio Otamendi, resultando la misma normal.<\/div>\n<div><\/div>\n<p>Posteriormente, la Sra. Presidenta\u00a0<b>no present\u00f3 s\u00edntomas<\/b>.<\/div>\n<div>\n\u00abEn el d\u00eda de la fecha, la Dra. Fern\u00e1ndez de Kirchner concurri\u00f3 a la Fundaci\u00f3n Favaloro para realizarse un<b>\u00a0estudio cardiovascular por una arritmia<\/b>\u00a0en estudio, y debido a que present\u00f3 un cuadro de<b>\u00a0cefalea<\/b>, se\u00a0<b>solicit\u00f3 su evaluaci\u00f3n neurol\u00f3gica<\/b>\u00a0al Instituto de Neurociencias de la mencionada fundaci\u00f3n, a cargo del Dr. Facundo Manes.<\/div>\n<div>\n\u00abUna vez realizados los estudios de control correspondientes en dicho instituto, se arrib\u00f3 al diagn\u00f3stico de<b>\u00a0colecci\u00f3n subdural cr\u00f3nica<\/b>.<\/div>\n<div>\n\u00abDebido al mencionado diagn\u00f3stico se indic\u00f3<b>\u00a0reposo de un mes<\/b>, junto a seguimiento evolutivo estricto cl\u00ednico e imagenol\u00f3gico\u00bb.<\/div>\n<div><\/div>\n<div><\/div>\n<div><b> Dr. Luis Buonomo <\/b><\/div>\n<div><b>Dr. Marcelo Ballesteros <\/b><\/p>\n<div><b>UNIDAD MEDICA PRESIDENCIAL<\/b><\/div>\n<\/div>\n<\/div>\n<\/div>\n<\/div>\n","protected":false},"excerpt":{"rendered":"<p>La jefa de Estado padece una \u00abcolecci\u00f3n subdural cr\u00f3nica\u00ab, inform\u00f3 esta noche\u00a0 el secretario de Comunicaci\u00f3n P\u00fablica, Alfredo Scoccimarro. \u00abNo puede hacer ning\u00fan esfuerzo intelectual, hay que cuidar su cerebro\u00bb, aseguraron los especialistas. El vicepresidente regres\u00f3 al pa\u00eds de urgencia. La presidente Cristina Kirchner padece una \u00abcolecci\u00f3n subdural cr\u00f3nica\u00bb y tendr\u00e1 un\u00a0 mes de \u00abreposo\u00bb,&hellip;<\/p>\n","protected":false},"author":1,"featured_media":0,"comment_status":"open","ping_status":"open","sticky":false,"template":"","format":"standard","meta":{"footnotes":""},"categories":[13],"tags":[84,103,17099,9964],"class_list":["post-37875","post","type-post","status-publish","format-standard","hentry","category-politica","tag-cristina-kirchner","tag-medicos","tag-reposo","tag-vicepresidente-amado-boudou"],"_links":{"self":[{"href":"https:\/\/www.elsindical.com.ar\/notas\/wp-json\/wp\/v2\/posts\/37875","targetHints":{"allow":["GET"]}}],"collection":[{"href":"https:\/\/www.elsindical.com.ar\/notas\/wp-json\/wp\/v2\/posts"}],"about":[{"href":"https:\/\/www.elsindical.com.ar\/notas\/wp-json\/wp\/v2\/types\/post"}],"author":[{"embeddable":true,"href":"https:\/\/www.elsindical.com.ar\/notas\/wp-json\/wp\/v2\/users\/1"}],"replies":[{"embeddable":true,"href":"https:\/\/www.elsindical.com.ar\/notas\/wp-json\/wp\/v2\/comments?post=37875"}],"version-history":[{"count":1,"href":"https:\/\/www.elsindical.com.ar\/notas\/wp-json\/wp\/v2\/posts\/37875\/revisions"}],"predecessor-version":[{"id":37876,"href":"https:\/\/www.elsindical.com.ar\/notas\/wp-json\/wp\/v2\/posts\/37875\/revisions\/37876"}],"wp:attachment":[{"href":"https:\/\/www.elsindical.com.ar\/notas\/wp-json\/wp\/v2\/media?parent=37875"}],"wp:term":[{"taxonomy":"category","embeddable":true,"href":"https:\/\/www.elsindical.com.ar\/notas\/wp-json\/wp\/v2\/categories?post=37875"},{"taxonomy":"post_tag","embeddable":true,"href":"https:\/\/www.elsindical.com.ar\/notas\/wp-json\/wp\/v2\/tags?post=37875"}],"curies":[{"name":"wp","href":"https:\/\/api.w.org\/{rel}","templated":true}]}}