{"id":37869,"date":"2013-10-05T17:23:25","date_gmt":"2013-10-05T20:23:25","guid":{"rendered":"http:\/\/www.elsindical.com.ar\/notas\/?p=37869"},"modified":"2013-10-05T17:23:25","modified_gmt":"2013-10-05T20:23:25","slug":"cordobasolicitud-de-los-intendentes-radicales-al-ministro-gonzalez","status":"publish","type":"post","link":"https:\/\/www.elsindical.com.ar\/notas\/cordobasolicitud-de-los-intendentes-radicales-al-ministro-gonzalez\/","title":{"rendered":"C\u00f3rdoba:Solicitud de los Intendentes Radicales al Ministro Gonz\u00e1lez"},"content":{"rendered":"<p><a href=\"http:\/\/www.elsindical.com.ar\/notas\/var\/www\/html\/notas\/wp-content\/uploads\/2013\/10\/Mar\u00eda-Soledad-Carrizo.jpg\"><img loading=\"lazy\" decoding=\"async\" class=\"alignnone size-medium wp-image-37871\" alt=\"Mar\u00eda-Soledad-Carrizo\" src=\"http:\/\/www.elsindical.com.ar\/notas\/var\/www\/html\/notas\/wp-content\/uploads\/2013\/10\/Mar\u00eda-Soledad-Carrizo-300x233.jpg\" width=\"300\" height=\"233\" srcset=\"https:\/\/www.elsindical.com.ar\/notas\/var\/www\/html\/notas\/wp-content\/uploads\/2013\/10\/Mar\u00eda-Soledad-Carrizo-300x233.jpg 300w, https:\/\/www.elsindical.com.ar\/notas\/var\/www\/html\/notas\/wp-content\/uploads\/2013\/10\/Mar\u00eda-Soledad-Carrizo-385x300.jpg 385w, https:\/\/www.elsindical.com.ar\/notas\/var\/www\/html\/notas\/wp-content\/uploads\/2013\/10\/Mar\u00eda-Soledad-Carrizo.jpg 502w\" sizes=\"auto, (max-width: 300px) 100vw, 300px\" \/><\/a>Reproducimos comunicado de prensa:<\/p>\n<p>&nbsp;<\/p>\n<p>Sr. Ministro Jefe de Gabinete <strong>Dr. Oscar Gonz\u00e1lez<\/strong><\/p>\n<p>De nuestra consideraci\u00f3n:<\/p>\n<p>Los abajo firmantes integrantes del Foro de Intendentes Radicales de la Provincia de C\u00f3rdoba, nos dirigimos al Sr. Jefe de Gabinete guiados por la enorme preocupaci\u00f3n que nos produce el creciente deterioro que est\u00e1 sufriendo la relaci\u00f3n entre el Gobierno Provincial y los Municipios gobernados por la UCR.<\/p>\n<p>Este deterioro se pone particularmente de manifiesto en la arbitraria asignaci\u00f3n de recursos que efect\u00faa la Provincia, violentando de manera permanente las obligaciones que la ley le impone en lo que hace al r\u00e9gimen de coparticipaci\u00f3n, habiendo utilizado un sinn\u00famero de subterfugios para ello, desde el escamoteo liso y llano hasta la creaci\u00f3n de fondos espec\u00edficos y de ese modo intentar justificar el desapoderamiento que mes a mes se produce en lo atinente a las rentas que leg\u00edtimamente nos pertenecen.<\/p>\n<p>Desde el mes de mayo de este a\u00f1o que no se convoca a la Mesa Provincia \u2013 Municipios, no obstante este Foro haber reclamado de manera permanente que la misma se re\u00fana. No podemos dejar de pensar que esto no es casual sino que obedece a una estrategia dirigida a evitar cualquier \u00e1mbito que implique poner en la superficie el desapoderamiento de que estamos siendo objeto.<\/p>\n<p>Es por estas razones que venimos a exigir que de manera urgente se proceda a convocar a la Mesa Provincia \u2013 Municipios a los fines de discutir y enmendar las arbitrariedades de que somos objeto.<\/p>\n<p>Usted sabe que hemos acompa\u00f1ado a la Provincia en la tarea de defenderla de la discriminaci\u00f3n de que es objeto por parte de la Naci\u00f3n, pero sepa tambi\u00e9n que no estamos dispuestos a seguir soportando la discriminaci\u00f3n que la Provincia est\u00e1 efectuando respecto a nuestros pueblos por el solo hecho de estar gobernados por la UCR.<\/p>\n<p>Quedamos a la espera de su respuesta que solicitamos sea inmediata, y lo saludamos atte.<\/p>\n<p><em>(Adhieren todos los Intendentes y Presidentes Comunales que conforman el Foro de Intendentes Radicales de la Provincia de C\u00f3rdoba)<\/em><\/p>\n<p>Contacto:<\/p>\n<p>E-mail:\u00a0<a href=\"mailto:soledadcarrizoprensa@gmail.com\">soledadcarrizoprensa@gmail.com<\/a><\/p>\n<p>Tel\u00e9fono: 03521 &#8211; 15435389<\/p>\n<p>Facebook: \u00a0<a href=\"http:\/\/panel.followcampaign.com\/clickTracking.aspx?redirect=https%3a%2f%2fwww.facebook.com%2fpages%2fSoledad-Carrizo%2f620379941314028%3fref%3dhl&amp;entry=1-kCXk6YmVFk6AkWigzsxysA-1yoLcrVzEkWrhS4g8Vz5zQ&amp;track=true&amp;opt=Confirm\" target=\"_blank\">\u00a0Soledad Carrizo\u00a0<\/a><\/p>\n<p><a href=\"http:\/\/panel.followcampaign.com\/clickTracking.aspx?redirect=https%3a%2f%2fwww.facebook.com%2fpages%2fSoledad-Carrizo%2f620379941314028&amp;entry=1-kCXk6YmVFk6AkWigzsxysA-1yoLcrVzEkWrhS4g8Vz5zQ&amp;track=true&amp;opt=Confirm\" target=\"_blank\">https:\/\/www.facebook.com\/pages\/Soledad-Carrizo\/620379941314028<\/a><\/p>\n<p>Twitter:\u00a0<a href=\"http:\/\/panel.followcampaign.com\/clickTracking.aspx?redirect=https%3a%2f%2ftwitter.com%2fmsoledadcarrizo&amp;entry=1-kCXk6YmVFk6AkWigzsxysA-1yoLcrVzEkWrhS4g8Vz5zQ&amp;track=true&amp;opt=Confirm\" target=\"_blank\">@msoledadcarrizo<\/a><\/p>\n<p><a href=\"http:\/\/panel.followcampaign.com\/clickTracking.aspx?redirect=https%3a%2f%2ftwitter.com%2fmsoledadcarrizo&amp;entry=1-kCXk6YmVFk6AkWigzsxysA-1yoLcrVzEkWrhS4g8Vz5zQ&amp;track=true&amp;opt=Confirm\" target=\"_blank\">https:\/\/twitter.com\/msoledadcarrizo<\/a><\/p>\n<p>You Tube:\u00a0<a href=\"http:\/\/panel.followcampaign.com\/clickTracking.aspx?redirect=https%3a%2f%2fwww.youtube.com%2fchannel%2fUC5z9F-dP-NAuMnTMwmv2Qag&amp;entry=1-kCXk6YmVFk6AkWigzsxysA-1yoLcrVzEkWrhS4g8Vz5zQ&amp;track=true&amp;opt=Confirm\" target=\"_blank\">Mar\u00eda Soledad Carrizo<\/a><\/p>\n<p><a href=\"http:\/\/panel.followcampaign.com\/clickTracking.aspx?redirect=http%3a%2f%2fwww.youtube.com%2fchannel%2fUC5z9F-dP-NAuMnTMwmv2Qag&amp;entry=1-kCXk6YmVFk6AkWigzsxysA-1yoLcrVzEkWrhS4g8Vz5zQ&amp;track=true&amp;opt=Confirm\" target=\"_blank\">http:\/\/www.youtube.com\/channel\/UC5z9F-dP-NAuMnTMwmv2Qag<\/a><\/p>\n","protected":false},"excerpt":{"rendered":"<p>Reproducimos comunicado de prensa: &nbsp; Sr. Ministro Jefe de Gabinete Dr. Oscar Gonz\u00e1lez De nuestra consideraci\u00f3n: Los abajo firmantes integrantes del Foro de Intendentes Radicales de la Provincia de C\u00f3rdoba, nos dirigimos al Sr. Jefe de Gabinete guiados por la enorme preocupaci\u00f3n que nos produce el creciente deterioro que est\u00e1 sufriendo la relaci\u00f3n entre el&hellip;<\/p>\n","protected":false},"author":1,"featured_media":0,"comment_status":"open","ping_status":"open","sticky":false,"template":"","format":"standard","meta":{"footnotes":""},"categories":[13],"tags":[153,17097,17098,1826],"class_list":["post-37869","post","type-post","status-publish","format-standard","hentry","category-politica","tag-cordoba","tag-dr-oscar-gonzalez","tag-maria-soledad-carrizo","tag-ucr"],"_links":{"self":[{"href":"https:\/\/www.elsindical.com.ar\/notas\/wp-json\/wp\/v2\/posts\/37869","targetHints":{"allow":["GET"]}}],"collection":[{"href":"https:\/\/www.elsindical.com.ar\/notas\/wp-json\/wp\/v2\/posts"}],"about":[{"href":"https:\/\/www.elsindical.com.ar\/notas\/wp-json\/wp\/v2\/types\/post"}],"author":[{"embeddable":true,"href":"https:\/\/www.elsindical.com.ar\/notas\/wp-json\/wp\/v2\/users\/1"}],"replies":[{"embeddable":true,"href":"https:\/\/www.elsindical.com.ar\/notas\/wp-json\/wp\/v2\/comments?post=37869"}],"version-history":[{"count":2,"href":"https:\/\/www.elsindical.com.ar\/notas\/wp-json\/wp\/v2\/posts\/37869\/revisions"}],"predecessor-version":[{"id":37872,"href":"https:\/\/www.elsindical.com.ar\/notas\/wp-json\/wp\/v2\/posts\/37869\/revisions\/37872"}],"wp:attachment":[{"href":"https:\/\/www.elsindical.com.ar\/notas\/wp-json\/wp\/v2\/media?parent=37869"}],"wp:term":[{"taxonomy":"category","embeddable":true,"href":"https:\/\/www.elsindical.com.ar\/notas\/wp-json\/wp\/v2\/categories?post=37869"},{"taxonomy":"post_tag","embeddable":true,"href":"https:\/\/www.elsindical.com.ar\/notas\/wp-json\/wp\/v2\/tags?post=37869"}],"curies":[{"name":"wp","href":"https:\/\/api.w.org\/{rel}","templated":true}]}}