{"id":37866,"date":"2013-10-05T17:13:38","date_gmt":"2013-10-05T20:13:38","guid":{"rendered":"http:\/\/www.elsindical.com.ar\/notas\/?p=37866"},"modified":"2013-10-05T17:13:38","modified_gmt":"2013-10-05T20:13:38","slug":"fallecimiento-del-pastor-hugo-mosquera","status":"publish","type":"post","link":"https:\/\/www.elsindical.com.ar\/notas\/fallecimiento-del-pastor-hugo-mosquera\/","title":{"rendered":"Fallecimiento del Pastor Hugo Mosquera"},"content":{"rendered":"<p><em><a href=\"http:\/\/www.elsindical.com.ar\/notas\/var\/www\/html\/notas\/wp-content\/uploads\/2013\/10\/Hugo-Mosquera-y-Claudio.jpg\"><img loading=\"lazy\" decoding=\"async\" class=\"alignnone size-medium wp-image-37867\" alt=\"Hugo-Mosquera-y-Claudio\" src=\"http:\/\/www.elsindical.com.ar\/notas\/var\/www\/html\/notas\/wp-content\/uploads\/2013\/10\/Hugo-Mosquera-y-Claudio-300x207.jpg\" width=\"300\" height=\"207\" srcset=\"https:\/\/www.elsindical.com.ar\/notas\/var\/www\/html\/notas\/wp-content\/uploads\/2013\/10\/Hugo-Mosquera-y-Claudio-300x207.jpg 300w, https:\/\/www.elsindical.com.ar\/notas\/var\/www\/html\/notas\/wp-content\/uploads\/2013\/10\/Hugo-Mosquera-y-Claudio-434x300.jpg 434w, https:\/\/www.elsindical.com.ar\/notas\/var\/www\/html\/notas\/wp-content\/uploads\/2013\/10\/Hugo-Mosquera-y-Claudio.jpg 620w\" sizes=\"auto, (max-width: 300px) 100vw, 300px\" \/><\/a>Con profundo pesar comunico por este medio que hoy al medio d\u00eda nos dej\u00f3 f\u00edsicamente el COMPA\u00d1ERO PASTOR HUGO MOSQUERA.<\/em><\/p>\n<p>Su partida, es una perdida irreparable para sus familiares, amigos y compa\u00f1eros de Militancia, Hugo fue en vida un verdadero ejemplo de lucha y tambi\u00e9n de militancia pol\u00edtica y religiosa en favor de los intereses de nuestro Pueblo y as\u00ed queremos recordarlo.<\/p>\n<p>Sus restos ser\u00e1n velados en la cocher\u00eda Avellaneda Centenario Uruguayo y Arredondo a partir de las 20:00 Hs.<\/p>\n<p>Nuestras condolencias a la familia y amigos y nuestro homenaje al gran compa\u00f1ero.<\/p>\n","protected":false},"excerpt":{"rendered":"<p>Con profundo pesar comunico por este medio que hoy al medio d\u00eda nos dej\u00f3 f\u00edsicamente el COMPA\u00d1ERO PASTOR HUGO MOSQUERA. Su partida, es una perdida irreparable para sus familiares, amigos y compa\u00f1eros de Militancia, Hugo fue en vida un verdadero ejemplo de lucha y tambi\u00e9n de militancia pol\u00edtica y religiosa en favor de los intereses&hellip;<\/p>\n","protected":false},"author":1,"featured_media":0,"comment_status":"open","ping_status":"open","sticky":false,"template":"","format":"standard","meta":{"footnotes":""},"categories":[24],"tags":[461,17096,5544,17095,22025],"class_list":["post-37866","post","type-post","status-publish","format-standard","hentry","category-sociales","tag-avellaneda","tag-cocheria","tag-militancia","tag-pastor-hugo-mosquera","tag-politica"],"_links":{"self":[{"href":"https:\/\/www.elsindical.com.ar\/notas\/wp-json\/wp\/v2\/posts\/37866","targetHints":{"allow":["GET"]}}],"collection":[{"href":"https:\/\/www.elsindical.com.ar\/notas\/wp-json\/wp\/v2\/posts"}],"about":[{"href":"https:\/\/www.elsindical.com.ar\/notas\/wp-json\/wp\/v2\/types\/post"}],"author":[{"embeddable":true,"href":"https:\/\/www.elsindical.com.ar\/notas\/wp-json\/wp\/v2\/users\/1"}],"replies":[{"embeddable":true,"href":"https:\/\/www.elsindical.com.ar\/notas\/wp-json\/wp\/v2\/comments?post=37866"}],"version-history":[{"count":1,"href":"https:\/\/www.elsindical.com.ar\/notas\/wp-json\/wp\/v2\/posts\/37866\/revisions"}],"predecessor-version":[{"id":37868,"href":"https:\/\/www.elsindical.com.ar\/notas\/wp-json\/wp\/v2\/posts\/37866\/revisions\/37868"}],"wp:attachment":[{"href":"https:\/\/www.elsindical.com.ar\/notas\/wp-json\/wp\/v2\/media?parent=37866"}],"wp:term":[{"taxonomy":"category","embeddable":true,"href":"https:\/\/www.elsindical.com.ar\/notas\/wp-json\/wp\/v2\/categories?post=37866"},{"taxonomy":"post_tag","embeddable":true,"href":"https:\/\/www.elsindical.com.ar\/notas\/wp-json\/wp\/v2\/tags?post=37866"}],"curies":[{"name":"wp","href":"https:\/\/api.w.org\/{rel}","templated":true}]}}