{"id":37838,"date":"2013-10-04T19:57:28","date_gmt":"2013-10-04T22:57:28","guid":{"rendered":"http:\/\/www.elsindical.com.ar\/notas\/?p=37838"},"modified":"2013-10-04T19:57:28","modified_gmt":"2013-10-04T22:57:28","slug":"desesperada-busqueda-de-una-joven-que-fue-a-una-entrevista-laboral-y-no-regreso","status":"publish","type":"post","link":"https:\/\/www.elsindical.com.ar\/notas\/desesperada-busqueda-de-una-joven-que-fue-a-una-entrevista-laboral-y-no-regreso\/","title":{"rendered":"Desesperada b\u00fasqueda de una joven que fue a una entrevista laboral y no regres\u00f3."},"content":{"rendered":"<p><em><a href=\"http:\/\/www.elsindical.com.ar\/notas\/var\/www\/html\/notas\/wp-content\/uploads\/2013\/10\/Araceli-Ramos-por-tres.jpg\"><img loading=\"lazy\" decoding=\"async\" class=\"alignnone size-medium wp-image-37839\" alt=\"Araceli-Ramos-por-tres\" src=\"http:\/\/www.elsindical.com.ar\/notas\/var\/www\/html\/notas\/wp-content\/uploads\/2013\/10\/Araceli-Ramos-por-tres-300x168.jpg\" width=\"300\" height=\"168\" srcset=\"https:\/\/www.elsindical.com.ar\/notas\/var\/www\/html\/notas\/wp-content\/uploads\/2013\/10\/Araceli-Ramos-por-tres-300x168.jpg 300w, https:\/\/www.elsindical.com.ar\/notas\/var\/www\/html\/notas\/wp-content\/uploads\/2013\/10\/Araceli-Ramos-por-tres-500x281.jpg 500w, https:\/\/www.elsindical.com.ar\/notas\/var\/www\/html\/notas\/wp-content\/uploads\/2013\/10\/Araceli-Ramos-por-tres.jpg 531w\" sizes=\"auto, (max-width: 300px) 100vw, 300px\" \/><\/a>Los familiares le contaron que\u00a0<b>Araceli Ramos<\/b>, de 19 a\u00f1os, sali\u00f3 el lunes al mediod\u00eda de su casa de\u00a0<b>Loma Hermosa<\/b>\u00a0rumbo a Caseros. Pero\u00a0<b>en el domicilio al que supuestamente ten\u00eda que ir hay una casa\u00a0<\/b><b>deshabitada.<\/b><\/em><\/p>\n<p>Sus padres <b>intentaron contactarla a su celular, pero lo tiene apagado desde entonces<\/b>. A partir de ah\u00ed, se pusieron en contacto con sus conocidos y comenzaron a buscarla. El novio de Araceli dijo que no sab\u00eda que iba a buscar trabajo.<\/p>\n<p>La direcci\u00f3n donde deb\u00eda presentarse es una casa de 2 pisos sobre la calle Pu\u00e1n y Lima, de Caseros, que <b>estar\u00eda deshabitada desde hace dos semanas<\/b>.<\/p>\n<p>\u00abRecib\u00ed como 20 llamadas de gente que dice que es ella, pero no parecen ser verdad\u00bb, indic\u00f3 su madre, Griselda. Y protest\u00f3 porque <b>la hicieron ir tres veces a la comisar\u00eda 12 de Remedios de Escalada para radicar la denuncia<\/b>.<\/p>\n<p>De su lado, el fiscal Enrique Velasco particip\u00f3 de un <b>allanamiento a la casa de Caseros<\/b> donde supuestamente esperaban a Araceli. Sin embargo, <b>no se encontraron rastros ni huellas <\/b>que hagan creer que la joven estuvo all\u00ed.<\/p>\n","protected":false},"excerpt":{"rendered":"<p>Los familiares le contaron que\u00a0Araceli Ramos, de 19 a\u00f1os, sali\u00f3 el lunes al mediod\u00eda de su casa de\u00a0Loma Hermosa\u00a0rumbo a Caseros. Pero\u00a0en el domicilio al que supuestamente ten\u00eda que ir hay una casa\u00a0deshabitada. Sus padres intentaron contactarla a su celular, pero lo tiene apagado desde entonces. A partir de ah\u00ed, se pusieron en contacto con&hellip;<\/p>\n","protected":false},"author":1,"featured_media":0,"comment_status":"open","ping_status":"open","sticky":false,"template":"","format":"standard","meta":{"footnotes":""},"categories":[22],"tags":[17083,2913,17084,3597,6272],"class_list":["post-37838","post","type-post","status-publish","format-standard","hentry","category-policiales","tag-araceli-ramos","tag-caseros","tag-loma-hermosa","tag-novio","tag-remedios-de-escalada"],"_links":{"self":[{"href":"https:\/\/www.elsindical.com.ar\/notas\/wp-json\/wp\/v2\/posts\/37838","targetHints":{"allow":["GET"]}}],"collection":[{"href":"https:\/\/www.elsindical.com.ar\/notas\/wp-json\/wp\/v2\/posts"}],"about":[{"href":"https:\/\/www.elsindical.com.ar\/notas\/wp-json\/wp\/v2\/types\/post"}],"author":[{"embeddable":true,"href":"https:\/\/www.elsindical.com.ar\/notas\/wp-json\/wp\/v2\/users\/1"}],"replies":[{"embeddable":true,"href":"https:\/\/www.elsindical.com.ar\/notas\/wp-json\/wp\/v2\/comments?post=37838"}],"version-history":[{"count":1,"href":"https:\/\/www.elsindical.com.ar\/notas\/wp-json\/wp\/v2\/posts\/37838\/revisions"}],"predecessor-version":[{"id":37840,"href":"https:\/\/www.elsindical.com.ar\/notas\/wp-json\/wp\/v2\/posts\/37838\/revisions\/37840"}],"wp:attachment":[{"href":"https:\/\/www.elsindical.com.ar\/notas\/wp-json\/wp\/v2\/media?parent=37838"}],"wp:term":[{"taxonomy":"category","embeddable":true,"href":"https:\/\/www.elsindical.com.ar\/notas\/wp-json\/wp\/v2\/categories?post=37838"},{"taxonomy":"post_tag","embeddable":true,"href":"https:\/\/www.elsindical.com.ar\/notas\/wp-json\/wp\/v2\/tags?post=37838"}],"curies":[{"name":"wp","href":"https:\/\/api.w.org\/{rel}","templated":true}]}}