{"id":37799,"date":"2013-10-02T23:11:19","date_gmt":"2013-10-03T02:11:19","guid":{"rendered":"http:\/\/www.elsindical.com.ar\/notas\/?p=37799"},"modified":"2013-10-02T23:11:19","modified_gmt":"2013-10-03T02:11:19","slug":"la-platacondenan-a-guardiacarcel-por-vender-drogas-a-internos","status":"publish","type":"post","link":"https:\/\/www.elsindical.com.ar\/notas\/la-platacondenan-a-guardiacarcel-por-vender-drogas-a-internos\/","title":{"rendered":"La Plata:Condenan a guardiac\u00e1rcel por vender drogas a internos"},"content":{"rendered":"<p><em><a href=\"http:\/\/www.elsindical.com.ar\/notas\/var\/www\/html\/notas\/wp-content\/uploads\/2011\/12\/penal-36-de-Magdalena.jpg\"><img loading=\"lazy\" decoding=\"async\" class=\"alignnone size-medium wp-image-19687\" alt=\"penal-36-de-Magdalena\" src=\"http:\/\/www.elsindical.com.ar\/notas\/var\/www\/html\/notas\/wp-content\/uploads\/2011\/12\/penal-36-de-Magdalena-300x199.jpg\" width=\"300\" height=\"199\" srcset=\"https:\/\/www.elsindical.com.ar\/notas\/var\/www\/html\/notas\/wp-content\/uploads\/2011\/12\/penal-36-de-Magdalena-300x199.jpg 300w, https:\/\/www.elsindical.com.ar\/notas\/var\/www\/html\/notas\/wp-content\/uploads\/2011\/12\/penal-36-de-Magdalena.jpg 525w\" sizes=\"auto, (max-width: 300px) 100vw, 300px\" \/><\/a>Un ex integrante del Servicio Penitenciario Bonaerense recibi\u00f3 la pena de 6 a\u00f1os por comercializar marihuana dentro del pabell\u00f3n del cual estaba a cargo. El hecho tuvo lugar en la prisi\u00f3n bonaerense de Magdalena.<\/em><\/p>\n<div id=\"texto\">\n<p>Un ex agente penitenciario fue condenado a seis a\u00f1os de prisi\u00f3n por vender droga en el penal bonaerense de Magdalena, informaron fuentes judiciales. La pena fue impuesta por el Tribunal Oral en lo Criminal IV de La Plata a <b>Maximiliano Tagliaferro<\/b>.<\/p>\n<p>El ex integrante del Servicio Penitenciario Bonaerense, que era encargado del pabell\u00f3n 12 del penal 35 de Magdalena, fue sorprendido cuando se aprestaba a ingresar a tomar su puesto con un bolso en el que llevaba cuatro envoltorios que conten\u00edan marihuana, con un peso total de 32,7 gramos.<\/p>\n<p>Tagliaferro fue condenado a 6 a\u00f1os de prisi\u00f3n por el delito de \u201c<i>tenencia de estupefacientes con fines de comercializaci\u00f3n calificada por ser cometida por un funcionario p\u00fablico encargado de la guarda de presos y en perjuicio de estos<\/i>\u201d.<\/p>\n<p>&nbsp;<\/p>\n<\/div>\n<div id=\"firma\"><strong>T\u00e9lam<\/strong><\/div>\n","protected":false},"excerpt":{"rendered":"<p>Un ex integrante del Servicio Penitenciario Bonaerense recibi\u00f3 la pena de 6 a\u00f1os por comercializar marihuana dentro del pabell\u00f3n del cual estaba a cargo. El hecho tuvo lugar en la prisi\u00f3n bonaerense de Magdalena. Un ex agente penitenciario fue condenado a seis a\u00f1os de prisi\u00f3n por vender droga en el penal bonaerense de Magdalena, informaron&hellip;<\/p>\n","protected":false},"author":1,"featured_media":0,"comment_status":"open","ping_status":"open","sticky":false,"template":"","format":"standard","meta":{"footnotes":""},"categories":[20],"tags":[239,9597,17074,1544,10829],"class_list":["post-37799","post","type-post","status-publish","format-standard","hentry","category-judiciales","tag-la-plata","tag-magdalena","tag-maximiliano-tagliaferro","tag-spb","tag-toc-4"],"_links":{"self":[{"href":"https:\/\/www.elsindical.com.ar\/notas\/wp-json\/wp\/v2\/posts\/37799","targetHints":{"allow":["GET"]}}],"collection":[{"href":"https:\/\/www.elsindical.com.ar\/notas\/wp-json\/wp\/v2\/posts"}],"about":[{"href":"https:\/\/www.elsindical.com.ar\/notas\/wp-json\/wp\/v2\/types\/post"}],"author":[{"embeddable":true,"href":"https:\/\/www.elsindical.com.ar\/notas\/wp-json\/wp\/v2\/users\/1"}],"replies":[{"embeddable":true,"href":"https:\/\/www.elsindical.com.ar\/notas\/wp-json\/wp\/v2\/comments?post=37799"}],"version-history":[{"count":1,"href":"https:\/\/www.elsindical.com.ar\/notas\/wp-json\/wp\/v2\/posts\/37799\/revisions"}],"predecessor-version":[{"id":37800,"href":"https:\/\/www.elsindical.com.ar\/notas\/wp-json\/wp\/v2\/posts\/37799\/revisions\/37800"}],"wp:attachment":[{"href":"https:\/\/www.elsindical.com.ar\/notas\/wp-json\/wp\/v2\/media?parent=37799"}],"wp:term":[{"taxonomy":"category","embeddable":true,"href":"https:\/\/www.elsindical.com.ar\/notas\/wp-json\/wp\/v2\/categories?post=37799"},{"taxonomy":"post_tag","embeddable":true,"href":"https:\/\/www.elsindical.com.ar\/notas\/wp-json\/wp\/v2\/tags?post=37799"}],"curies":[{"name":"wp","href":"https:\/\/api.w.org\/{rel}","templated":true}]}}