{"id":37779,"date":"2013-10-02T01:28:37","date_gmt":"2013-10-02T04:28:37","guid":{"rendered":"http:\/\/www.elsindical.com.ar\/notas\/?p=37779"},"modified":"2013-10-02T03:25:07","modified_gmt":"2013-10-02T06:25:07","slug":"entrevista-al-subcomisario-adriana-melo","status":"publish","type":"post","link":"https:\/\/www.elsindical.com.ar\/notas\/entrevista-al-subcomisario-adriana-melo\/","title":{"rendered":"Entrevista al Subcomisario Adriana Melo"},"content":{"rendered":"<p><em><a href=\"http:\/\/www.elsindical.com.ar\/notas\/var\/www\/html\/notas\/wp-content\/uploads\/2013\/10\/Subcomisario-Adriana-Melo.jpg\"><img loading=\"lazy\" decoding=\"async\" class=\"alignnone size-medium wp-image-37781\" alt=\"Subcomisario-Adriana-Melo\" src=\"http:\/\/www.elsindical.com.ar\/notas\/var\/www\/html\/notas\/wp-content\/uploads\/2013\/10\/Subcomisario-Adriana-Melo-300x223.jpg\" width=\"300\" height=\"223\" srcset=\"https:\/\/www.elsindical.com.ar\/notas\/var\/www\/html\/notas\/wp-content\/uploads\/2013\/10\/Subcomisario-Adriana-Melo-300x223.jpg 300w, https:\/\/www.elsindical.com.ar\/notas\/var\/www\/html\/notas\/wp-content\/uploads\/2013\/10\/Subcomisario-Adriana-Melo-402x300.jpg 402w, https:\/\/www.elsindical.com.ar\/notas\/var\/www\/html\/notas\/wp-content\/uploads\/2013\/10\/Subcomisario-Adriana-Melo.jpg 709w\" sizes=\"auto, (max-width: 300px) 100vw, 300px\" \/><\/a>Entrevista al Subcomisario femenino Adriana Melo, titular de la Comisar\u00eda de la Mujer y la Familia, del partido de Avellaneda.<\/em><\/p>\n<p>Con motivo de la aparici\u00f3n de la menor desaparecida Sasha Tania Santos, quien hoy pudo ser encontrada por las diligencias policiales iniciadas por la titular de la Comisar\u00eda de la Mujer y la Familia y que permiti\u00f3 que la menor se reencontrara con sus padres, en buen estado y se pudiera privilegiar el di\u00e1logo en la familia.<\/p>\n<p>Durante la entrevista la oficial jefe nos da algunos consejos a todos los vecinos y como medio period\u00edstico destacamos el trabajo del titular de la Comisar\u00eda 1ra el Subcomisario Villar y el Jefe Distrital Comisario Inspector Manuel Oscar Canosa.<\/p>\n<p><iframe loading=\"lazy\" src=\"\/\/www.youtube.com\/embed\/tUlR2-bKK6Y\" height=\"420\" width=\"580\" allowfullscreen=\"\" frameborder=\"0\"><\/iframe><iframe loading=\"lazy\" src=\"http:\/\/www.ivoox.com\/player_ej_2408702_1.html\" height=\"120\" width=\"100%\" allowfullscreen=\"\" frameborder=\"0\" scrolling=\"no\"><\/iframe><\/p>\n<p><em><strong><a href=\"http:\/\/www.elsindical.com.ar\">www.elsindical.com.ar<\/a> <\/strong><\/em><\/p>\n","protected":false},"excerpt":{"rendered":"<p>Entrevista al Subcomisario femenino Adriana Melo, titular de la Comisar\u00eda de la Mujer y la Familia, del partido de Avellaneda. Con motivo de la aparici\u00f3n de la menor desaparecida Sasha Tania Santos, quien hoy pudo ser encontrada por las diligencias policiales iniciadas por la titular de la Comisar\u00eda de la Mujer y la Familia y&hellip;<\/p>\n","protected":false},"author":1,"featured_media":0,"comment_status":"open","ping_status":"open","sticky":false,"template":"","format":"standard","meta":{"footnotes":""},"categories":[22],"tags":[461,11587,17065,17060,17064,17066,986],"class_list":["post-37779","post","type-post","status-publish","format-standard","hentry","category-policiales","tag-avellaneda","tag-comisaria-de-la-mujer-y-la-familia","tag-jefe-distrital-manuel-oscar-canosa","tag-sasha-tania-santos","tag-subcomisario-adriana-melo","tag-subcomisario-villar","tag-vecinos"],"_links":{"self":[{"href":"https:\/\/www.elsindical.com.ar\/notas\/wp-json\/wp\/v2\/posts\/37779","targetHints":{"allow":["GET"]}}],"collection":[{"href":"https:\/\/www.elsindical.com.ar\/notas\/wp-json\/wp\/v2\/posts"}],"about":[{"href":"https:\/\/www.elsindical.com.ar\/notas\/wp-json\/wp\/v2\/types\/post"}],"author":[{"embeddable":true,"href":"https:\/\/www.elsindical.com.ar\/notas\/wp-json\/wp\/v2\/users\/1"}],"replies":[{"embeddable":true,"href":"https:\/\/www.elsindical.com.ar\/notas\/wp-json\/wp\/v2\/comments?post=37779"}],"version-history":[{"count":4,"href":"https:\/\/www.elsindical.com.ar\/notas\/wp-json\/wp\/v2\/posts\/37779\/revisions"}],"predecessor-version":[{"id":37786,"href":"https:\/\/www.elsindical.com.ar\/notas\/wp-json\/wp\/v2\/posts\/37779\/revisions\/37786"}],"wp:attachment":[{"href":"https:\/\/www.elsindical.com.ar\/notas\/wp-json\/wp\/v2\/media?parent=37779"}],"wp:term":[{"taxonomy":"category","embeddable":true,"href":"https:\/\/www.elsindical.com.ar\/notas\/wp-json\/wp\/v2\/categories?post=37779"},{"taxonomy":"post_tag","embeddable":true,"href":"https:\/\/www.elsindical.com.ar\/notas\/wp-json\/wp\/v2\/tags?post=37779"}],"curies":[{"name":"wp","href":"https:\/\/api.w.org\/{rel}","templated":true}]}}