{"id":37732,"date":"2013-09-28T19:09:54","date_gmt":"2013-09-28T22:09:54","guid":{"rendered":"http:\/\/www.elsindical.com.ar\/notas\/?p=37732"},"modified":"2013-09-28T19:10:13","modified_gmt":"2013-09-28T22:10:13","slug":"quilmesdetienen-procesan-y-pasan-a-disponibilidad-a-policias-bonaerenses-acusados-de-distintos-delitos","status":"publish","type":"post","link":"https:\/\/www.elsindical.com.ar\/notas\/quilmesdetienen-procesan-y-pasan-a-disponibilidad-a-policias-bonaerenses-acusados-de-distintos-delitos\/","title":{"rendered":"Quilmes:Detienen, procesan y pasan a disponibilidad a polic\u00edas bonaerenses acusados de distintos delitos"},"content":{"rendered":"<p><em><a href=\"http:\/\/www.elsindical.com.ar\/notas\/var\/www\/html\/notas\/wp-content\/uploads\/2011\/11\/Tribunales-de-Quilmes.jpg\"><img loading=\"lazy\" decoding=\"async\" class=\"alignnone size-medium wp-image-18924\" alt=\"Tribunales-de-Quilmes\" src=\"http:\/\/www.elsindical.com.ar\/notas\/var\/www\/html\/notas\/wp-content\/uploads\/2011\/11\/Tribunales-de-Quilmes-300x213.jpg\" width=\"300\" height=\"213\" srcset=\"https:\/\/www.elsindical.com.ar\/notas\/var\/www\/html\/notas\/wp-content\/uploads\/2011\/11\/Tribunales-de-Quilmes-300x213.jpg 300w, https:\/\/www.elsindical.com.ar\/notas\/var\/www\/html\/notas\/wp-content\/uploads\/2011\/11\/Tribunales-de-Quilmes.jpg 325w\" sizes=\"auto, (max-width: 300px) 100vw, 300px\" \/><\/a>Son un Subcomisario y tres efectivos de la seccional Don Bosco de la Bonaerense. Un hombre denunci\u00f3 que por una infracci\u00f3n menor le pidieron dinero para no \u201carmarle una causa\u201d y tuvo que dar su auto en parte de pago.<\/em><\/p>\n<p><b>Un Subcomisario y otros tres efectivos de la Polic\u00eda\u00a0 bonaerense <\/b>de una seccional del partido de <b>Quilmes<\/b> fueron separados de sus\u00a0 cargos en forma provisoria al estar denunciados del delito de <b>\u00abcoacci\u00f3n\u00a0 agravada\u00bb,<\/b> ya que un vecino sostuvo que fue intimado a abonar una cifra de\u00a0 dinero para evitar el \u00abarmado de una causa\u00bb en su contra y al no poder hacer\u00a0 frente a \u00abese pedido extorsivo\u00bb ofreci\u00f3 en parte de pago su propio auto. En la\u00a0 maniobra irregular tambi\u00e9n se encuentra involucrado un abogado, que le hizo\u00a0 firmar un certificado de venta del veh\u00edculo y se qued\u00f3 con el mismo, el que fue\u00a0 secuestrado, tras un allanamiento en el que el letrado qued\u00f3 detenido.<\/p>\n<p>Seg\u00fan trascendi\u00f3, todo se inici\u00f3 cuando un hombre, residente\u00a0 en la localidad de<b> San Francisco Solano,<\/b> fue demorado por una contravenci\u00f3n de\u00a0 \u00edndole menor y el primer dato llamativo es que fue conducido hacia la\u00a0 subcomisar\u00eda Don Bosco. All\u00ed comenz\u00f3 a recibir las \u00abprimeras amenazas\u00bb de parte\u00a0 de un oficial inspector y un sargento que de labrarle un acta pasaron a exigirle\u00a0 que ten\u00eda que abonar un monto determinado para no armarle una causa que\u00a0 derivar\u00eda en su detenci\u00f3n.<\/p>\n<p>La odisea no terminar\u00eda en esa intimidaci\u00f3n, pues frente a\u00a0 la imposibilidad de responder al pedido de dinero surgi\u00f3<b> \u00abun tercer elemento\u00bb,<\/b> cuando le fue presentado un abogado (que voceros judiciales lo vincularon a una\u00a0 banda de \u00abrompehuesos\u00bb que operaba en la zona sur del Gran Buenos Aires) para\u00a0 \u00absolucionarle el problema\u00bb. Ante la desesperaci\u00f3n, el damnificado ofreci\u00f3 su\u00a0 Renault Clio como garant\u00eda de su inmediato liberaci\u00f3n y no quedar imputado en\u00a0 una causa penal, por lo tanto firm\u00f3 un formulario 08, para la transferencia del\u00a0 auto hasta que consiguiera la plata para recuperarlo.<\/p>\n<p>Una vez que logr\u00f3 salir de la seccional policial, el hombre\u00a0 se dirigi\u00f3, sin dudar, a los <b>Tribunales de Quilmes y su denuncia recay\u00f3 en la\u00a0 Unidad Funcional de Instrucci\u00f3n N\u00ba 6, <\/b>a cargo del fiscal Sebasti\u00e1n Videla, que\u00a0 abri\u00f3 una investigaci\u00f3n para esclarecer lo sucedido. Como primera medida, la\u00a0 jueza de Garant\u00edas Adriana Myszlin libr\u00f3 una orden de allanamiento en un\u00a0 domicilio del barrio San Nicol\u00e1s de Florencio Varela, donde se detuvo al\u00a0 abogado, se incaut\u00f3 el documento para la posible venta del auto y tambi\u00e9n se\u00a0 secuestr\u00f3 el Renault Clio.<\/p>\n<p>De inmediato, se dict\u00f3 el procesamiento de los dos polic\u00edas\u00a0 que actuaron en el irregular procedimiento, los que luego quedaron detenidos,\u00a0 mientras que un sargento y un subcomisario fueron separados de sus funciones.\u00a0 \u00abExiste una investigaci\u00f3n en curso. El caso a\u00fan est\u00e1 abierto y por eso, no se\u00a0 pueden brindar mayores precisiones\u00bb,<b> se\u00f1al\u00f3 el Fiscal Sebasti\u00e1n Videla.<\/b><\/p>\n<p>Los apresados son un Sargento y un oficial Inspector,\u00a0 quienes fueron sindicados por el denunciante como los \u00abextorsionadores\u00bb,\u00a0 mientras que los otros dos involucrados \u00aben forma directa\u00bb son un sargento y un\u00a0 subcomisario, a cargo de la dependencia. En los cuatro casos fueron puestos en\u00a0 disponibilidad preventiva, con intervenci\u00f3n de la Direcci\u00f3n de Asuntos Internos\u00a0 del Ministerio de Seguridad bonaerense, debido a que afrontan acusaciones por la\u00a0 comisi\u00f3n de los delitos de \u00abcoacci\u00f3n agravada y privaci\u00f3n ileg\u00edtima de la\u00a0 libertad\u00bb.<\/p>\n<p>&nbsp;<\/p>\n","protected":false},"excerpt":{"rendered":"<p>Son un Subcomisario y tres efectivos de la seccional Don Bosco de la Bonaerense. Un hombre denunci\u00f3 que por una infracci\u00f3n menor le pidieron dinero para no \u201carmarle una causa\u201d y tuvo que dar su auto en parte de pago. Un Subcomisario y otros tres efectivos de la Polic\u00eda\u00a0 bonaerense de una seccional del partido&hellip;<\/p>\n","protected":false},"author":1,"featured_media":0,"comment_status":"open","ping_status":"open","sticky":false,"template":"","format":"standard","meta":{"footnotes":""},"categories":[22],"tags":[154,1076,684,3279],"class_list":["post-37732","post","type-post","status-publish","format-standard","hentry","category-policiales","tag-buenos-aires","tag-don-bosco","tag-quilmes","tag-san-francisco-solano"],"_links":{"self":[{"href":"https:\/\/www.elsindical.com.ar\/notas\/wp-json\/wp\/v2\/posts\/37732","targetHints":{"allow":["GET"]}}],"collection":[{"href":"https:\/\/www.elsindical.com.ar\/notas\/wp-json\/wp\/v2\/posts"}],"about":[{"href":"https:\/\/www.elsindical.com.ar\/notas\/wp-json\/wp\/v2\/types\/post"}],"author":[{"embeddable":true,"href":"https:\/\/www.elsindical.com.ar\/notas\/wp-json\/wp\/v2\/users\/1"}],"replies":[{"embeddable":true,"href":"https:\/\/www.elsindical.com.ar\/notas\/wp-json\/wp\/v2\/comments?post=37732"}],"version-history":[{"count":2,"href":"https:\/\/www.elsindical.com.ar\/notas\/wp-json\/wp\/v2\/posts\/37732\/revisions"}],"predecessor-version":[{"id":37734,"href":"https:\/\/www.elsindical.com.ar\/notas\/wp-json\/wp\/v2\/posts\/37732\/revisions\/37734"}],"wp:attachment":[{"href":"https:\/\/www.elsindical.com.ar\/notas\/wp-json\/wp\/v2\/media?parent=37732"}],"wp:term":[{"taxonomy":"category","embeddable":true,"href":"https:\/\/www.elsindical.com.ar\/notas\/wp-json\/wp\/v2\/categories?post=37732"},{"taxonomy":"post_tag","embeddable":true,"href":"https:\/\/www.elsindical.com.ar\/notas\/wp-json\/wp\/v2\/tags?post=37732"}],"curies":[{"name":"wp","href":"https:\/\/api.w.org\/{rel}","templated":true}]}}