{"id":37728,"date":"2013-09-28T19:00:58","date_gmt":"2013-09-28T22:00:58","guid":{"rendered":"http:\/\/www.elsindical.com.ar\/notas\/?p=37728"},"modified":"2013-09-28T19:00:58","modified_gmt":"2013-09-28T22:00:58","slug":"espectacular-operativo-policial-para-trasladar-a-un-policia-herido-en-el-obelisco","status":"publish","type":"post","link":"https:\/\/www.elsindical.com.ar\/notas\/espectacular-operativo-policial-para-trasladar-a-un-policia-herido-en-el-obelisco\/","title":{"rendered":"Espectacular operativo policial para trasladar a un polic\u00eda herido en el Obelisco"},"content":{"rendered":"<p><em><a href=\"http:\/\/www.elsindical.com.ar\/notas\/var\/www\/html\/notas\/wp-content\/uploads\/2013\/09\/H-en-el-Obelisco.jpg\"><img loading=\"lazy\" decoding=\"async\" class=\"alignnone size-medium wp-image-37729\" alt=\"H-en-el-Obelisco\" src=\"http:\/\/www.elsindical.com.ar\/notas\/var\/www\/html\/notas\/wp-content\/uploads\/2013\/09\/H-en-el-Obelisco-300x168.jpg\" width=\"300\" height=\"168\" srcset=\"https:\/\/www.elsindical.com.ar\/notas\/var\/www\/html\/notas\/wp-content\/uploads\/2013\/09\/H-en-el-Obelisco-300x168.jpg 300w, https:\/\/www.elsindical.com.ar\/notas\/var\/www\/html\/notas\/wp-content\/uploads\/2013\/09\/H-en-el-Obelisco-500x281.jpg 500w, https:\/\/www.elsindical.com.ar\/notas\/var\/www\/html\/notas\/wp-content\/uploads\/2013\/09\/H-en-el-Obelisco.jpg 531w\" sizes=\"auto, (max-width: 300px) 100vw, 300px\" \/><\/a>La Polic\u00eda Federal debi\u00f3 llevar en helic\u00f3ptero a un efectivo que fue herido luego de impedir el robo a una joyer\u00eda. La aeronave aterriz\u00f3 <b>en plena 9 de Julio<\/b>.<\/em><\/p>\n<p>Este mediod\u00eda en el centro porte\u00f1o se vio interrumpido por una escena poco habitual, en la que un efectivo de la Polic\u00eda Federal fue baleado al evitar un asalto en una joyer\u00eda de la calle Libertad y posteriormente trasladado en helic\u00f3ptero desde la 9 de Julio hasta un hospital.<\/p>\n<div>Todo comenz\u00f3 hoy alrededor de las 13:00 hs., cuando cuatro ladrones armados robaron una suma no informada dentro de <b>una joyer\u00eda ubicada en Libertad 256<\/b>, tras lo cual subieron a un autom\u00f3vil Peugeot 207 blanco.<\/div>\n<div><\/div>\n<div>En ese momento, seg\u00fan informaron desde la fuerza,\u00a0un agente de la comisar\u00eda 3 estaba en el cruce de Presidente Per\u00f3n y Libertad cuando observ\u00f3 la salida de los delincuentes, por lo que se acerc\u00f3 r\u00e1pidamente, extrajo su arma reglamentaria y les exigi\u00f3 que se detuvieran.<\/div>\n<div><\/div>\n<div>En ese momento, los asaltantes respondieron con disparos y se produjo un breve tiroteo durante el cual el efectivo fue herido en ambas piernas. Inmediatamente, los ladrones se dieron a la fuga.<\/div>\n<div><\/div>\n<div>Debido al ataque contra el efectivo, se estableci\u00f3 un impresionante operativo de rescate en pleno centro y un helic\u00f3ptero ambulancia de la Federal descendi\u00f3 <b>a metros del Obelisco, en Corrientes y 9 de Julio<\/b>, donde m\u00e9dicos trasladaron al efectivo al hospital Churruca, ante la mirada at\u00f3nita de los transe\u00fantes que circulaban por la zona.<\/div>\n<div><\/div>\n<div>La v\u00edctima fue estabilizada en el centro asistencial y se encontraba fuera de peligro.<\/div>\n","protected":false},"excerpt":{"rendered":"<p>La Polic\u00eda Federal debi\u00f3 llevar en helic\u00f3ptero a un efectivo que fue herido luego de impedir el robo a una joyer\u00eda. La aeronave aterriz\u00f3 en plena 9 de Julio. Este mediod\u00eda en el centro porte\u00f1o se vio interrumpido por una escena poco habitual, en la que un efectivo de la Polic\u00eda Federal fue baleado al&hellip;<\/p>\n","protected":false},"author":1,"featured_media":0,"comment_status":"open","ping_status":"open","sticky":false,"template":"","format":"standard","meta":{"footnotes":""},"categories":[22],"tags":[148,2184,6264,30,502,116,238],"class_list":["post-37728","post","type-post","status-publish","format-standard","hentry","category-policiales","tag-herido","tag-hospital-churruca","tag-obelisco","tag-policia","tag-policia-federal-argentina","tag-robo","tag-tiroteo"],"_links":{"self":[{"href":"https:\/\/www.elsindical.com.ar\/notas\/wp-json\/wp\/v2\/posts\/37728","targetHints":{"allow":["GET"]}}],"collection":[{"href":"https:\/\/www.elsindical.com.ar\/notas\/wp-json\/wp\/v2\/posts"}],"about":[{"href":"https:\/\/www.elsindical.com.ar\/notas\/wp-json\/wp\/v2\/types\/post"}],"author":[{"embeddable":true,"href":"https:\/\/www.elsindical.com.ar\/notas\/wp-json\/wp\/v2\/users\/1"}],"replies":[{"embeddable":true,"href":"https:\/\/www.elsindical.com.ar\/notas\/wp-json\/wp\/v2\/comments?post=37728"}],"version-history":[{"count":2,"href":"https:\/\/www.elsindical.com.ar\/notas\/wp-json\/wp\/v2\/posts\/37728\/revisions"}],"predecessor-version":[{"id":37731,"href":"https:\/\/www.elsindical.com.ar\/notas\/wp-json\/wp\/v2\/posts\/37728\/revisions\/37731"}],"wp:attachment":[{"href":"https:\/\/www.elsindical.com.ar\/notas\/wp-json\/wp\/v2\/media?parent=37728"}],"wp:term":[{"taxonomy":"category","embeddable":true,"href":"https:\/\/www.elsindical.com.ar\/notas\/wp-json\/wp\/v2\/categories?post=37728"},{"taxonomy":"post_tag","embeddable":true,"href":"https:\/\/www.elsindical.com.ar\/notas\/wp-json\/wp\/v2\/tags?post=37728"}],"curies":[{"name":"wp","href":"https:\/\/api.w.org\/{rel}","templated":true}]}}