{"id":37586,"date":"2013-09-21T23:15:49","date_gmt":"2013-09-22T02:15:49","guid":{"rendered":"http:\/\/www.elsindical.com.ar\/notas\/?p=37586"},"modified":"2013-09-21T23:15:49","modified_gmt":"2013-09-22T02:15:49","slug":"detuvieron-al-presunto-asesino-de-micaela-medrano","status":"publish","type":"post","link":"https:\/\/www.elsindical.com.ar\/notas\/detuvieron-al-presunto-asesino-de-micaela-medrano\/","title":{"rendered":"Detuvieron al presunto asesino de Micaela Medrano"},"content":{"rendered":"<p><em><a href=\"http:\/\/www.elsindical.com.ar\/notas\/var\/www\/html\/notas\/wp-content\/uploads\/2013\/09\/Micaela-Medrano.jpg\"><img loading=\"lazy\" decoding=\"async\" class=\"alignnone size-medium wp-image-37262\" alt=\"Micaela-Medrano\" src=\"http:\/\/www.elsindical.com.ar\/notas\/var\/www\/html\/notas\/wp-content\/uploads\/2013\/09\/Micaela-Medrano-300x211.jpg\" width=\"300\" height=\"211\" srcset=\"https:\/\/www.elsindical.com.ar\/notas\/var\/www\/html\/notas\/wp-content\/uploads\/2013\/09\/Micaela-Medrano-300x211.jpg 300w, https:\/\/www.elsindical.com.ar\/notas\/var\/www\/html\/notas\/wp-content\/uploads\/2013\/09\/Micaela-Medrano-425x300.jpg 425w, https:\/\/www.elsindical.com.ar\/notas\/var\/www\/html\/notas\/wp-content\/uploads\/2013\/09\/Micaela-Medrano.jpg 502w\" sizes=\"auto, (max-width: 300px) 100vw, 300px\" \/><\/a>Se trata del ex novio de la hermana de la v\u00edctima, un joven del que la familia sospechaba. Seg\u00fan inform\u00f3 el abogado de la familia de la v\u00edctima, Jos\u00e9 Luis Espa\u00f1a, el detenido se \u201cquebr\u00f3\u201d y \u201cconfes\u00f3\u201d. Desde los Tribunales de Lomas de Zamora confirmaron que Juan Alberto Leiter Ruiz fue detenido bajo los cargos de \u201cabuso sexual con acceso carnal y robo\u201d.<\/em><\/p>\n<p>Detuvieron a un sospechoso por el crimen de Micaela Medrano, la joven que el 30 de agosto fue encontrada muerta y con signos de asfixia. Se trata del ex novio de la hermana de la v\u00edctima y seg\u00fan trascendi\u00f3, confes\u00f3 el asesinato.<\/p>\n<p>El detenido fue identificado con el nombre de Juan Alberto Leiter Ruiz \u2013un joven de 25 a\u00f1os de nacionalidad paraguaya- y fue apresado luego de numerosos allanamientos que se realizaron en el barrio por el crimen de Micaela.<\/p>\n<p>El joven apresado resulta ser el ex novio de la hermana de la v\u00edctima, pero a\u00fan se desconoce qu\u00e9 tipo de relaci\u00f3n mantuvo con la v\u00edctima.<\/p>\n<p>Por estas horas, era indagado por la Justicia. Desde los Tribunales de Lomas de Zamora confirmaron que est\u00e1 detenido bajo los cargos de \u201cabuso sexual con acceso carnal y robo\u201d.<\/p>\n<p>Seg\u00fan cont\u00f3 Jos\u00e9 Luis Espa\u00f1a, uno de los abogados de la familia Medrano, el joven confes\u00f3 su culpabilidad frente a los efectivos de la Polic\u00eda. \u201cCuando le allanaron la casa, le tomaron la declaraci\u00f3n testimonial y se quebr\u00f3, despu\u00e9s reconoci\u00f3 su culpabilidad\u201d, relat\u00f3 el letrado. \u201cEste personaje admiti\u00f3 que hab\u00eda entrado a la casa, le propin\u00f3 un golpe a Micaela que la desmay\u00f3, abus\u00f3 de ella y la estrangul\u00f3 con la funda de la almohada\u201d, insisti\u00f3.<\/p>\n<p>Espa\u00f1a explic\u00f3 que se realizaron cuatro allanamientos con el objetivo de encontrar a los responsables del crimen. Seg\u00fan relat\u00f3, el procedimiento se realiz\u00f3 luego de que una conocida de Micaela hubiera recibido a su celular una foto del joven. El m\u00f3vil que hab\u00eda enviado esa foto era el que hab\u00eda sido robado de la casilla donde la estudiante fue asesinada. \u201cTodav\u00eda no sabemos qui\u00e9n envi\u00f3 esa foto a su conocida y cu\u00e1les fueron las intenciones, pero este hecho fue la punta del ovillo para pedir los allanamientos que concluyeron con la detenci\u00f3n de este supuesto autor del crimen\u201d, inform\u00f3 el abogado.<\/p>\n<p>\u201cMucha gente tuvo que ir a declarar, durante esta situaci\u00f3n traum\u00e1tica supongo que el supuesto autor del hecho se vio obligado a hacerse cargo para no generar problemas sobre sus allegados, esto creo yo que fue el punto para que se quebrara y confesara\u201d, indic\u00f3 Espa\u00f1a.<\/p>\n<p>En tanto, el padre de la joven, Sergio Medrano, no descart\u00f3 una nueva marcha para reclamar justicia. Es que la protesta estaba prevista para el martes de la semana pr\u00f3xima y hab\u00eda sido programada antes de la detenci\u00f3n de Ruiz.<\/p>\n<p>El cuerpo de Micaela fue hallado por su madre en la ma\u00f1ana del 30 de agosto, asfixiado en la habitaci\u00f3n que usaba la joven para estudiar. El cuarto de la v\u00edctima, que usaba para estudiar est\u00e1 separado del edificio principal, a cinco metros. Pese a la corta distancia, los padres no escucharon gritos de auxilio ni movimientos extra\u00f1os, tampoco los perros ladraron.<\/p>\n","protected":false},"excerpt":{"rendered":"<p>Se trata del ex novio de la hermana de la v\u00edctima, un joven del que la familia sospechaba. Seg\u00fan inform\u00f3 el abogado de la familia de la v\u00edctima, Jos\u00e9 Luis Espa\u00f1a, el detenido se \u201cquebr\u00f3\u201d y \u201cconfes\u00f3\u201d. Desde los Tribunales de Lomas de Zamora confirmaron que Juan Alberto Leiter Ruiz fue detenido bajo los cargos&hellip;<\/p>\n","protected":false},"author":1,"featured_media":0,"comment_status":"open","ping_status":"open","sticky":false,"template":"","format":"standard","meta":{"footnotes":""},"categories":[22],"tags":[937,91,5645,17015,744,16923],"class_list":["post-37586","post","type-post","status-publish","format-standard","hentry","category-policiales","tag-crimen","tag-detenido","tag-hermana","tag-juan-alberto-leiter-ruiz","tag-lomas-de-zamora","tag-micaela-medrano"],"_links":{"self":[{"href":"https:\/\/www.elsindical.com.ar\/notas\/wp-json\/wp\/v2\/posts\/37586","targetHints":{"allow":["GET"]}}],"collection":[{"href":"https:\/\/www.elsindical.com.ar\/notas\/wp-json\/wp\/v2\/posts"}],"about":[{"href":"https:\/\/www.elsindical.com.ar\/notas\/wp-json\/wp\/v2\/types\/post"}],"author":[{"embeddable":true,"href":"https:\/\/www.elsindical.com.ar\/notas\/wp-json\/wp\/v2\/users\/1"}],"replies":[{"embeddable":true,"href":"https:\/\/www.elsindical.com.ar\/notas\/wp-json\/wp\/v2\/comments?post=37586"}],"version-history":[{"count":1,"href":"https:\/\/www.elsindical.com.ar\/notas\/wp-json\/wp\/v2\/posts\/37586\/revisions"}],"predecessor-version":[{"id":37587,"href":"https:\/\/www.elsindical.com.ar\/notas\/wp-json\/wp\/v2\/posts\/37586\/revisions\/37587"}],"wp:attachment":[{"href":"https:\/\/www.elsindical.com.ar\/notas\/wp-json\/wp\/v2\/media?parent=37586"}],"wp:term":[{"taxonomy":"category","embeddable":true,"href":"https:\/\/www.elsindical.com.ar\/notas\/wp-json\/wp\/v2\/categories?post=37586"},{"taxonomy":"post_tag","embeddable":true,"href":"https:\/\/www.elsindical.com.ar\/notas\/wp-json\/wp\/v2\/tags?post=37586"}],"curies":[{"name":"wp","href":"https:\/\/api.w.org\/{rel}","templated":true}]}}