{"id":37513,"date":"2013-09-17T18:34:14","date_gmt":"2013-09-17T21:34:14","guid":{"rendered":"http:\/\/www.elsindical.com.ar\/notas\/?p=37513"},"modified":"2013-09-17T18:34:14","modified_gmt":"2013-09-17T21:34:14","slug":"estamos-buscando-a-romina-elizabeth-mansilla","status":"publish","type":"post","link":"https:\/\/www.elsindical.com.ar\/notas\/estamos-buscando-a-romina-elizabeth-mansilla\/","title":{"rendered":"Estamos buscando a Romina Elizabeth Mansilla"},"content":{"rendered":"<div id=\"bajada_portada\"><em><a href=\"http:\/\/www.elsindical.com.ar\/notas\/var\/www\/html\/notas\/wp-content\/uploads\/2013\/09\/Romina-Elizabeth-Mansilla.jpg\"><img loading=\"lazy\" decoding=\"async\" class=\"alignnone size-medium wp-image-37514\" alt=\"Romina-Elizabeth-Mansilla\" src=\"http:\/\/www.elsindical.com.ar\/notas\/var\/www\/html\/notas\/wp-content\/uploads\/2013\/09\/Romina-Elizabeth-Mansilla-210x300.jpg\" width=\"210\" height=\"300\" srcset=\"https:\/\/www.elsindical.com.ar\/notas\/var\/www\/html\/notas\/wp-content\/uploads\/2013\/09\/Romina-Elizabeth-Mansilla-210x300.jpg 210w, https:\/\/www.elsindical.com.ar\/notas\/var\/www\/html\/notas\/wp-content\/uploads\/2013\/09\/Romina-Elizabeth-Mansilla.jpg 502w\" sizes=\"auto, (max-width: 210px) 100vw, 210px\" \/><\/a>La Comisar\u00eda 1ra. de Avellaneda solicita la averiguaci\u00f3n de paradero de Romina Elizabeth Mansilla, la cual se tramita con la intervenci\u00f3n de la Fiscal\u00eda de Instrucci\u00f3n y de Juicio N\u00ba 2 Descentralizado de Avellaneda del Departamento Judicial de Lomas de Zamora.<\/em><\/div>\n<div><\/div>\n<div id=\"bajada_portada\">La Comisar\u00eda 1ra. de Avellaneda solicita la averiguaci\u00f3n de paradero de Romina Elizabeth Mansilla, la cual se tramita con la intervenci\u00f3n de la Fiscal\u00eda de Instrucci\u00f3n y de Juicio N\u00ba 2 Descentralizado de Avellaneda del Departamento Judicial de Lomas de Zamora.<\/div>\n<div>\nArgentina, de 27 a\u00f1os de edad, domiciliada en la calle Gral. Paz 189 de Avellaneda, titular del DNI: 31.983.060.<\/div>\n<div>\nEs de tez blanca, de cabellos largos casta\u00f1os, de contextura delgada, ojos color marrones, teniendo como caracter\u00edstica un tatuaje del tipo tribal en la espalda. Tiene 1,60 metros de altura.<\/div>\n<div><\/div>\n<div>La \u00faltima vez\u00a0vest\u00eda pantal\u00f3n de gimnasia color gris y buzo a rayas color beige. \u00a0Ante cualquier informaci\u00f3n comunicarse a los tel\u00e9fonos: 4222-2929\/2999 \u00f3 al Nextel 132*3345.<\/div>\n","protected":false},"excerpt":{"rendered":"<p>La Comisar\u00eda 1ra. de Avellaneda solicita la averiguaci\u00f3n de paradero de Romina Elizabeth Mansilla, la cual se tramita con la intervenci\u00f3n de la Fiscal\u00eda de Instrucci\u00f3n y de Juicio N\u00ba 2 Descentralizado de Avellaneda del Departamento Judicial de Lomas de Zamora. La Comisar\u00eda 1ra. de Avellaneda solicita la averiguaci\u00f3n de paradero de Romina Elizabeth Mansilla,&hellip;<\/p>\n","protected":false},"author":1,"featured_media":0,"comment_status":"open","ping_status":"open","sticky":false,"template":"","format":"standard","meta":{"footnotes":""},"categories":[26],"tags":[8848,744,16994,11543],"class_list":["post-37513","post","type-post","status-publish","format-standard","hentry","category-solidaridad","tag-comisaria-1ra","tag-lomas-de-zamora","tag-romina-elizabeth-mansilla","tag-ufi-2"],"_links":{"self":[{"href":"https:\/\/www.elsindical.com.ar\/notas\/wp-json\/wp\/v2\/posts\/37513","targetHints":{"allow":["GET"]}}],"collection":[{"href":"https:\/\/www.elsindical.com.ar\/notas\/wp-json\/wp\/v2\/posts"}],"about":[{"href":"https:\/\/www.elsindical.com.ar\/notas\/wp-json\/wp\/v2\/types\/post"}],"author":[{"embeddable":true,"href":"https:\/\/www.elsindical.com.ar\/notas\/wp-json\/wp\/v2\/users\/1"}],"replies":[{"embeddable":true,"href":"https:\/\/www.elsindical.com.ar\/notas\/wp-json\/wp\/v2\/comments?post=37513"}],"version-history":[{"count":1,"href":"https:\/\/www.elsindical.com.ar\/notas\/wp-json\/wp\/v2\/posts\/37513\/revisions"}],"predecessor-version":[{"id":37515,"href":"https:\/\/www.elsindical.com.ar\/notas\/wp-json\/wp\/v2\/posts\/37513\/revisions\/37515"}],"wp:attachment":[{"href":"https:\/\/www.elsindical.com.ar\/notas\/wp-json\/wp\/v2\/media?parent=37513"}],"wp:term":[{"taxonomy":"category","embeddable":true,"href":"https:\/\/www.elsindical.com.ar\/notas\/wp-json\/wp\/v2\/categories?post=37513"},{"taxonomy":"post_tag","embeddable":true,"href":"https:\/\/www.elsindical.com.ar\/notas\/wp-json\/wp\/v2\/tags?post=37513"}],"curies":[{"name":"wp","href":"https:\/\/api.w.org\/{rel}","templated":true}]}}