{"id":37475,"date":"2013-09-15T19:30:27","date_gmt":"2013-09-15T22:30:27","guid":{"rendered":"http:\/\/www.elsindical.com.ar\/notas\/?p=37475"},"modified":"2013-09-15T19:30:27","modified_gmt":"2013-09-15T22:30:27","slug":"movida-de-jueces-penales-para-que-el-abuso-infantil-sea-un-delito-imprescriptible","status":"publish","type":"post","link":"https:\/\/www.elsindical.com.ar\/notas\/movida-de-jueces-penales-para-que-el-abuso-infantil-sea-un-delito-imprescriptible\/","title":{"rendered":"Movida de jueces penales para que el abuso infantil sea un delito imprescriptible"},"content":{"rendered":"<p><em><a href=\"http:\/\/www.elsindical.com.ar\/notas\/var\/www\/html\/notas\/wp-content\/uploads\/2011\/09\/Juez-Federal-Carlos-Rozansk.jpg\"><img loading=\"lazy\" decoding=\"async\" class=\"alignnone size-medium wp-image-16787\" alt=\"Juez-Federal-Carlos-Rozansk\" src=\"http:\/\/www.elsindical.com.ar\/notas\/var\/www\/html\/notas\/wp-content\/uploads\/2011\/09\/Juez-Federal-Carlos-Rozansk-300x253.jpg\" width=\"300\" height=\"253\" srcset=\"https:\/\/www.elsindical.com.ar\/notas\/var\/www\/html\/notas\/wp-content\/uploads\/2011\/09\/Juez-Federal-Carlos-Rozansk-300x253.jpg 300w, https:\/\/www.elsindical.com.ar\/notas\/var\/www\/html\/notas\/wp-content\/uploads\/2011\/09\/Juez-Federal-Carlos-Rozansk.jpg 413w\" sizes=\"auto, (max-width: 300px) 100vw, 300px\" \/><\/a>A la cabeza de esa corriente est\u00e1 el platense Carlos Rozanski. Fundamenta su postura en el tiempo que dura el trauma cuando las v\u00edctimas son ni\u00f1os que pueden demorar muchos a\u00f1os en verbalizar lo que les ocurri\u00f3. Alientan un debate que tenga en cuenta \u00ablas caracter\u00edsticas propias de este delito\u00bb que hacen que las v\u00edctimas no puedan denunciarlo en el corto o mediano plazo.<\/em><\/p>\n<p>Jueces del fuero penal y civil consideraron que el delito de abuso sexual infantil debe ser imprescriptible y alentaron un debate que tenga en cuenta \u00ablas caracter\u00edsticas propias de este delito\u00bb que hacen que las v\u00edctimas no puedan denunciarlo en el corto o mediano plazo.<\/p>\n<p>\u00abNo existe un estudio que determine cu\u00e1ntos a\u00f1os pasan entre que un ni\u00f1o o ni\u00f1a es abusado y puede verbalizarlo, incluso es algo que a veces no sucede jam\u00e1s. Lo que s\u00ed sabemos es que por las caracter\u00edsticas propias del delito esta denuncia nunca es inmediata\u00bb, se\u00f1al\u00f3 a el juez Carlos Rozanski, titular del Tribunal Oral en lo Criminal Federal N\u00ba 1 de La Plata., en un informe publicado por la agencia Telam.<\/p>\n<p>El magistrado, autor del libro \u00abAbuso Sexual Infantil, \u00bfdenunciar o silenciar?\u00bb, describi\u00f3 como caracter\u00edsticas propias del delito, adem\u00e1s de la corta edad de las v\u00edctimas, que \u00aben la mayor\u00eda de los casos se da en el \u00e1mbito intrafamiliar en una sociedad que inculca que &#8216;los trapitos sucios se lavan en casa'\u00bb.<\/p>\n<p>\u00abEsto lleva a que muchas v\u00edctima demoren a\u00f1os en denunciarlo, por lo que no se puede fijar un l\u00edmite para investigar. Incluso hay quienes no lo denuncian nunca, de hecho se estima que s\u00f3lo se llevan a la justicia un 10% de los casos\u00bb, precis\u00f3.<\/p>\n<p>En tanto, la jueza de Paz de Villa Gesell, Graciela Jofre, consider\u00f3 que \u00abestos delitos deben ser imprescriptibles as\u00ed como lo es el da\u00f1o producido al ni\u00f1o quien lo llevar\u00e1 inserto en su psiquis y su cuerpo el resto de su vida y s\u00f3lo podr\u00e1 ser atemperado por la indispensable contenci\u00f3n terap\u00e9utica adecuada\u00bb.<\/p>\n<p>La magistrada, quien emiti\u00f3 en abril de este a\u00f1o un fallo en el que impidi\u00f3 la revinculaci\u00f3n de un padre denunciado por abuso, opin\u00f3 adem\u00e1s que estos delitos \u00abdeber\u00edan ser considerados como tortura porque la v\u00edctima se encuentra sumida en un grado m\u00e1ximo de desprotecci\u00f3n y aislamiento, sin ning\u00fan tipo de resorte f\u00edsico, ps\u00edquico o emocional para defenderse\u00bb.<\/p>\n<p>En 2011 el Congreso de la Naci\u00f3n aprob\u00f3 una ley (conocida como Piazza porque el dise\u00f1ador de moda Roberto Piazza fue quien la impuls\u00f3) que estableci\u00f3 que para los delitos contra la integridad sexual de ni\u00f1as, ni\u00f1os y adolescentes la prescripci\u00f3n comienza a correr a partir de que la v\u00edctima cumple la mayor\u00eda de edad.<\/p>\n<p>M\u00e1s all\u00e1 de la necesidad de modificar el C\u00f3digo Penal, ambos letrados criticaron el accionar de algunos efectores de justicia que, \u00abpor desconocer el tema\u00bb o por una cuesti\u00f3n de \u00abideolog\u00eda androc\u00e9ntrica y patriarcal\u00bb, desprotegen a los chicos ordenando, por ejemplo, revinculaciones con padres abusadores.<\/p>\n<p>\u00abExisten fallos ejemplares como el de la jueza Jofre, que demuestran que un profesional con sensibilidad y conocimiento en los temas puede tener herramientas legales para hacer lo que corresponde\u00bb, se\u00f1al\u00f3 Rozanski.<\/p>\n<p>El juez brind\u00f3 est\u00e1 respuesta en relaci\u00f3n al reclamo de muchas madres de v\u00edctimas de abuso que se\u00f1alan que en los tribunales de familia les justifican las revinculaciones con los padres denunciados porque \u00absi no hay condena penal no hay herramientas para impedir el contacto\u00bb e indic\u00f3 que \u00abesto es incorrecto\u201d.<\/p>\n<p>\u00abComo juez civil y de familia mi mirada debe centrarse en el estado f\u00edsico y emocional del ni\u00f1o, mi responsabilidad es disponer todas las medidas protectoras de ese ni\u00f1o en forma inmediata independientemente de lo que eval\u00fae y resuelva el juez penal\u00bb, sostuvo por su parte Jofre.<\/p>\n<p>\u00abEl juez penal har\u00e1 la tarea punitiva, otros pueden ser sus par\u00e1metros de evaluaci\u00f3n de prueba. Aunque creo que ambos debemos tener como norma superior reguladora de toda actuaci\u00f3n el respeto a la palabra del ni\u00f1o porque esto parte de la Convenci\u00f3n de los Derechos del Ni\u00f1o que fue aprobada en Argentina\u00bb, a\u00f1adi\u00f3.<\/p>\n<p>Otra denuncia habitual de las madres de v\u00edctimas es que sus hijas e hijos en ocasiones son expuestos a dar su testimonio (tanto en el fuero penal como civil) en presencia de los abusadores, con el da\u00f1o psicol\u00f3gico que ello implica.<\/p>\n<p>\u00abHubo una reforma en el C\u00f3digo Procesal Penal de la Naci\u00f3n que estableci\u00f3 que estos testimonios deben tomarse por personal id\u00f3neo en contextos especiales como c\u00e1mara Gesell u otros dispositivos; pero esto s\u00f3lo es obligatorio en Capital y en los tribunales federales\u00bb, explic\u00f3 Rozanski, autor de esa reforma.<\/p>\n<p>Detall\u00f3 que \u00ablas provincias pueden o no tomar este c\u00f3digo de procedimiento, sin embargo, si se tiene en cuenta la Convenci\u00f3n de los Derechos de Ni\u00f1as&#8230;no hace falta que la legislaci\u00f3n provincial haya adherido\u00bb.<\/p>\n<p>\u00abComo sociedad nos tenemos que plantear si vamos a permitir que jueces que atentan contra la integridad de nuestros chicos pueden seguir en sus cargos, pero no porque piensen diferente, sino porque quienes toman esas determinaciones no est\u00e1n capacitados para esa funci\u00f3n\u00bb, puntualiz\u00f3 Rozanski.<\/p>\n<p>En este sentido, se\u00f1al\u00f3 que \u00abde esto tambi\u00e9n hablamos cuando decimos que hay que democratizar la justicia, de que no haya m\u00e1s jueces que a una mujer que fue v\u00edctima de una violaci\u00f3n le sigan preguntando si usaba o no pollera\u00bb.<\/p>\n","protected":false},"excerpt":{"rendered":"<p>A la cabeza de esa corriente est\u00e1 el platense Carlos Rozanski. Fundamenta su postura en el tiempo que dura el trauma cuando las v\u00edctimas son ni\u00f1os que pueden demorar muchos a\u00f1os en verbalizar lo que les ocurri\u00f3. Alientan un debate que tenga en cuenta \u00ablas caracter\u00edsticas propias de este delito\u00bb que hacen que las v\u00edctimas&hellip;<\/p>\n","protected":false},"author":1,"featured_media":0,"comment_status":"open","ping_status":"open","sticky":false,"template":"","format":"standard","meta":{"footnotes":""},"categories":[20],"tags":[5943,151,16984,1056,2174,198,1692],"class_list":["post-37475","post","type-post","status-publish","format-standard","hentry","category-judiciales","tag-abusos-sexuales","tag-delito","tag-imprescriptible","tag-jueces","tag-proceso","tag-victima","tag-violadores"],"_links":{"self":[{"href":"https:\/\/www.elsindical.com.ar\/notas\/wp-json\/wp\/v2\/posts\/37475","targetHints":{"allow":["GET"]}}],"collection":[{"href":"https:\/\/www.elsindical.com.ar\/notas\/wp-json\/wp\/v2\/posts"}],"about":[{"href":"https:\/\/www.elsindical.com.ar\/notas\/wp-json\/wp\/v2\/types\/post"}],"author":[{"embeddable":true,"href":"https:\/\/www.elsindical.com.ar\/notas\/wp-json\/wp\/v2\/users\/1"}],"replies":[{"embeddable":true,"href":"https:\/\/www.elsindical.com.ar\/notas\/wp-json\/wp\/v2\/comments?post=37475"}],"version-history":[{"count":1,"href":"https:\/\/www.elsindical.com.ar\/notas\/wp-json\/wp\/v2\/posts\/37475\/revisions"}],"predecessor-version":[{"id":37476,"href":"https:\/\/www.elsindical.com.ar\/notas\/wp-json\/wp\/v2\/posts\/37475\/revisions\/37476"}],"wp:attachment":[{"href":"https:\/\/www.elsindical.com.ar\/notas\/wp-json\/wp\/v2\/media?parent=37475"}],"wp:term":[{"taxonomy":"category","embeddable":true,"href":"https:\/\/www.elsindical.com.ar\/notas\/wp-json\/wp\/v2\/categories?post=37475"},{"taxonomy":"post_tag","embeddable":true,"href":"https:\/\/www.elsindical.com.ar\/notas\/wp-json\/wp\/v2\/tags?post=37475"}],"curies":[{"name":"wp","href":"https:\/\/api.w.org\/{rel}","templated":true}]}}