{"id":37466,"date":"2013-09-15T17:36:50","date_gmt":"2013-09-15T20:36:50","guid":{"rendered":"http:\/\/www.elsindical.com.ar\/notas\/?p=37466"},"modified":"2013-09-15T17:36:50","modified_gmt":"2013-09-15T20:36:50","slug":"san-isidroasesinaron-a-la-astrologa-lily-sullos","status":"publish","type":"post","link":"https:\/\/www.elsindical.com.ar\/notas\/san-isidroasesinaron-a-la-astrologa-lily-sullos\/","title":{"rendered":"San Isidro:Asesinaron a la astr\u00f3loga Lily Sullos"},"content":{"rendered":"<p><em>\u00a0<a href=\"http:\/\/www.elsindical.com.ar\/notas\/var\/www\/html\/notas\/wp-content\/uploads\/2013\/09\/casa-Lily-Sullos.jpg\"><img loading=\"lazy\" decoding=\"async\" class=\"alignnone size-medium wp-image-37468\" alt=\"casa-Lily-Sullos\" src=\"http:\/\/www.elsindical.com.ar\/notas\/var\/www\/html\/notas\/wp-content\/uploads\/2013\/09\/casa-Lily-Sullos-300x168.jpg\" width=\"300\" height=\"168\" srcset=\"https:\/\/www.elsindical.com.ar\/notas\/var\/www\/html\/notas\/wp-content\/uploads\/2013\/09\/casa-Lily-Sullos-300x168.jpg 300w, https:\/\/www.elsindical.com.ar\/notas\/var\/www\/html\/notas\/wp-content\/uploads\/2013\/09\/casa-Lily-Sullos-500x281.jpg 500w, https:\/\/www.elsindical.com.ar\/notas\/var\/www\/html\/notas\/wp-content\/uploads\/2013\/09\/casa-Lily-Sullos.jpg 531w\" sizes=\"auto, (max-width: 300px) 100vw, 300px\" \/><\/a>La reconocida astr\u00f3loga apareci\u00f3 con un disparo en su domicilio de La Lucila. La Polic\u00eda investiga si se trat\u00f3 de un pacto suicida con su hermano, quien tambi\u00e9n fue encontrado sin vida.<\/em><\/p>\n<div>El hecho tuvo lugar en el barrio de La Lucila, en el domicilio que la astr\u00f3loga compart\u00eda con su hermano en <b>D\u00edaz V\u00e9lez al 1300<\/b>, cuando en las primeras horas del domingo se dio aviso a las autoridades por parte de un familiar directo, quien encontr\u00f3 ambos cuerpos con sendos disparos en la cabeza.<\/div>\n<div><\/div>\n<div>En el interior del domicilio, en la zona norte del Conurbano, <b>la polic\u00eda encontr\u00f3 adem\u00e1s el arma con que se habr\u00edan efectuado los disparos<\/b>, de ah\u00ed que la hip\u00f3tesis del pacto suicida, relatada por un familiar, cobre sentido para las autoridades.<\/div>\n<div><\/div>\n<div>Sullos y su hermano habr\u00edan enviado un correo electr\u00f3nico a una amiga en com\u00fan para informar lo que planeaban hacer. Seg\u00fan las primeras averiguaciones del caso,<b> el \u00faltimo correo fue enviado a las 09:00 de la ma\u00f1ana<\/b> donde dejaban en claro que ya era una decisi\u00f3n tomada.<\/div>\n<div><\/div>\n<div>De acuerdo con lo que trascendi\u00f3 de fuentes de la investigaci\u00f3n, <b>Sullos <\/b>fue encontrada con un balazo en la cabeza en uno de los dormitorios, mientras el hermano, de 75, fue hallado en otra habitaci\u00f3n.<\/div>\n<div><\/div>\n<div>Los peritos de la DDI de San Isidro y de la polic\u00eda cient\u00edfica a\u00fan trabajan en el lugar y<b> no hay indicios de la participaci\u00f3n de una tercera persona en el hecho<\/b>. El fiscal de turno se hizo presente en el lugar para tratar de descifrar este interrogante.<\/div>\n<div><\/div>\n<div>\n<div><b>Qui\u00e9n era Lily Sullos<\/b><\/div>\n<div><\/div>\n<div>Nacida en Budapest, Hungr\u00eda, <b>Lily Sullos <\/b>ten\u00eda 84 a\u00f1os. A causa de la Segunda Guerra Mundial, abandon\u00f3 su pa\u00eds natal en 1944 para llegar a Austria y terminar all\u00ed sus estudios secundarios.<\/div>\n<div><\/div>\n<div>En ese pa\u00eds comenz\u00f3 a estudiar medicina y astrolog\u00eda. Arrib\u00f3 a la Argentina cuando ten\u00eda 20 a\u00f1os y debi\u00f3 interrumpir sus estudios por falta de dinero hasta que comenz\u00f3 a trabajar como fot\u00f3grafa en los a\u00f1os 60.<\/div>\n<div><\/div>\n<div>Trabaj\u00f3 como colaboradora de temas astrol\u00f3gicos para las revistas Vosotras, Labores y otras, logrando en 1976 publicar su primer libro: <i>Libro Astrol\u00f3gico del Amor<\/i>.<\/div>\n<div><\/div>\n<div>M\u00e1s adelante publicar\u00eda libros individuales sobre cada signo y en los a\u00f1os 80 se vincul\u00f3 con la Editorial Perfil para trabajar en las revistas <i>Perfil<\/i>, <i>M\u00eda <\/i>y <i>Tal Cual<\/i>.<\/div>\n<div><a href=\"http:\/\/www.elsindical.com.ar\/notas\/var\/www\/html\/notas\/wp-content\/uploads\/2013\/09\/Lily-Sullos.jpg\"><img loading=\"lazy\" decoding=\"async\" class=\"alignnone size-medium wp-image-37467\" alt=\"Lily-Sullos\" src=\"http:\/\/www.elsindical.com.ar\/notas\/var\/www\/html\/notas\/wp-content\/uploads\/2013\/09\/Lily-Sullos-300x168.jpg\" width=\"300\" height=\"168\" srcset=\"https:\/\/www.elsindical.com.ar\/notas\/var\/www\/html\/notas\/wp-content\/uploads\/2013\/09\/Lily-Sullos-300x168.jpg 300w, https:\/\/www.elsindical.com.ar\/notas\/var\/www\/html\/notas\/wp-content\/uploads\/2013\/09\/Lily-Sullos-500x281.jpg 500w, https:\/\/www.elsindical.com.ar\/notas\/var\/www\/html\/notas\/wp-content\/uploads\/2013\/09\/Lily-Sullos.jpg 531w\" sizes=\"auto, (max-width: 300px) 100vw, 300px\" \/><\/a><\/div>\n<\/div>\n","protected":false},"excerpt":{"rendered":"<p>\u00a0La reconocida astr\u00f3loga apareci\u00f3 con un disparo en su domicilio de La Lucila. La Polic\u00eda investiga si se trat\u00f3 de un pacto suicida con su hermano, quien tambi\u00e9n fue encontrado sin vida. El hecho tuvo lugar en el barrio de La Lucila, en el domicilio que la astr\u00f3loga compart\u00eda con su hermano en D\u00edaz V\u00e9lez&hellip;<\/p>\n","protected":false},"author":1,"featured_media":0,"comment_status":"open","ping_status":"open","sticky":false,"template":"","format":"standard","meta":{"footnotes":""},"categories":[22],"tags":[363,4248,16980,30,40,522],"class_list":["post-37466","post","type-post","status-publish","format-standard","hentry","category-policiales","tag-asesinato","tag-astrologa","tag-lily-sullos","tag-policia","tag-san-isidro","tag-suicidio"],"_links":{"self":[{"href":"https:\/\/www.elsindical.com.ar\/notas\/wp-json\/wp\/v2\/posts\/37466","targetHints":{"allow":["GET"]}}],"collection":[{"href":"https:\/\/www.elsindical.com.ar\/notas\/wp-json\/wp\/v2\/posts"}],"about":[{"href":"https:\/\/www.elsindical.com.ar\/notas\/wp-json\/wp\/v2\/types\/post"}],"author":[{"embeddable":true,"href":"https:\/\/www.elsindical.com.ar\/notas\/wp-json\/wp\/v2\/users\/1"}],"replies":[{"embeddable":true,"href":"https:\/\/www.elsindical.com.ar\/notas\/wp-json\/wp\/v2\/comments?post=37466"}],"version-history":[{"count":1,"href":"https:\/\/www.elsindical.com.ar\/notas\/wp-json\/wp\/v2\/posts\/37466\/revisions"}],"predecessor-version":[{"id":37469,"href":"https:\/\/www.elsindical.com.ar\/notas\/wp-json\/wp\/v2\/posts\/37466\/revisions\/37469"}],"wp:attachment":[{"href":"https:\/\/www.elsindical.com.ar\/notas\/wp-json\/wp\/v2\/media?parent=37466"}],"wp:term":[{"taxonomy":"category","embeddable":true,"href":"https:\/\/www.elsindical.com.ar\/notas\/wp-json\/wp\/v2\/categories?post=37466"},{"taxonomy":"post_tag","embeddable":true,"href":"https:\/\/www.elsindical.com.ar\/notas\/wp-json\/wp\/v2\/tags?post=37466"}],"curies":[{"name":"wp","href":"https:\/\/api.w.org\/{rel}","templated":true}]}}