{"id":37409,"date":"2013-09-13T07:43:23","date_gmt":"2013-09-13T10:43:23","guid":{"rendered":"http:\/\/www.elsindical.com.ar\/notas\/?p=37409"},"modified":"2013-09-13T07:43:23","modified_gmt":"2013-09-13T10:43:23","slug":"san-migueldetienen-a-dos-policias-acusados-de-integrar-una-banda-dedicada-a-la-trata-de-personas","status":"publish","type":"post","link":"https:\/\/www.elsindical.com.ar\/notas\/san-migueldetienen-a-dos-policias-acusados-de-integrar-una-banda-dedicada-a-la-trata-de-personas\/","title":{"rendered":"San Miguel:Detienen a dos polic\u00edas acusados de integrar una banda dedicada a la trata de personas"},"content":{"rendered":"<p><em><a href=\"http:\/\/www.elsindical.com.ar\/notas\/var\/www\/html\/notas\/wp-content\/uploads\/2012\/11\/esposados-gen\u00e9rico.jpg\"><img loading=\"lazy\" decoding=\"async\" class=\"alignnone size-medium wp-image-30001\" alt=\"esposados-gen\u00e9rico\" src=\"http:\/\/www.elsindical.com.ar\/notas\/var\/www\/html\/notas\/wp-content\/uploads\/2012\/11\/esposados-gen\u00e9rico-300x190.jpg\" width=\"300\" height=\"190\" srcset=\"https:\/\/www.elsindical.com.ar\/notas\/var\/www\/html\/notas\/wp-content\/uploads\/2012\/11\/esposados-gen\u00e9rico-300x190.jpg 300w, https:\/\/www.elsindical.com.ar\/notas\/var\/www\/html\/notas\/wp-content\/uploads\/2012\/11\/esposados-gen\u00e9rico.jpg 443w\" sizes=\"auto, (max-width: 300px) 100vw, 300px\" \/><\/a>En total fueron 16 los arrestados, de los cuales\u00a0<b>uno es un oficial y el otro un efectivo retirado de la Bonaerense<\/b>. Ocurri\u00f3 en el<b>\u00a0partido de San Miguel,<\/b>\u00a0al oeste del Gran Buenos Aires.<\/em><\/p>\n<p>Al menos 16 personas, entre ellas <b>un oficial y un retirado de la Polic\u00eda Bonaerense,<\/b> fueron detenidas en el distrito de San Miguel acusadas de integrar una red de trata de personas, en la que <b>tambi\u00e9n estar\u00edan involucrados efectivos de la Polic\u00eda Federal.<\/b><\/p>\n<div>Uno de los acusados es el jefe de calle de la comisar\u00eda 1a. de San Miguel, Walter Azor, quien fue arrestado junto al ex oficial de la Bonaerense Miguel \u00c1ngel Vara, y otros 14 civiles, que se desempe\u00f1aban como jefes, custodios y empleados de privados en los que se ejerc\u00eda la prostituci\u00f3n, seg\u00fan precisaron fuentes policiales.<\/div>\n<div><\/div>\n<div><b>Si bien la noticia se conoci\u00f3 anoche, las detenciones se concretaron el martes pasado durante 17 allanamientos realizados por personal de la Polic\u00eda Metropolitana.\u00a0<\/b><\/div>\n<div>\nComo parte del operativo, se allanaron nueve privados de San Miguel, dependencias policiales y domicilios particulares en los que se secuestr\u00f3 documentaci\u00f3n vinculada con la investigaci\u00f3n.<\/div>\n<div><\/div>\n<div>Adem\u00e1s, durante los procedimientos se encontraron a 33 mujeres de nacionalidad paraguaya y argentina en situaci\u00f3n de trata de personas.<\/div>\n<div><\/div>\n<div>Fuente vinculadas a la investigaci\u00f3n revelaron que el ex polic\u00eda Vara cobraba 700 pesos semanales para garantizar protecci\u00f3n a cada privado. Asimismo, confirmaron que Azor declar\u00f3 en la causa, rechaz\u00f3 las acusaciones y se neg\u00f3 a responder preguntas sobre el caso, en el que a\u00fan hay pr\u00f3fugos polic\u00edas y civiles.<\/div>\n<div><\/div>\n<div>Los <b>allanamientos fueron dispuestos por la Jueza federal Mar\u00eda Servini de Cubr\u00eda,<\/b> aunque la investigaci\u00f3n est\u00e1 en manos de su par Ariel Lijo, quien se encuentra de licencia.<\/div>\n<div><\/div>\n<div><b>Allegados al caso revelaron que se tratar\u00eda de una ramificaci\u00f3n de una investigaci\u00f3n que vincular\u00eda a efectivos de la Polic\u00eda Federal con una red dedicada a la prostituci\u00f3n y otros delitos.<\/b> Desde el municipio de San Miguel deslindaron toda vinculaci\u00f3n con el caso.<\/div>\n","protected":false},"excerpt":{"rendered":"<p>En total fueron 16 los arrestados, de los cuales\u00a0uno es un oficial y el otro un efectivo retirado de la Bonaerense. Ocurri\u00f3 en el\u00a0partido de San Miguel,\u00a0al oeste del Gran Buenos Aires. Al menos 16 personas, entre ellas un oficial y un retirado de la Polic\u00eda Bonaerense, fueron detenidas en el distrito de San Miguel&hellip;<\/p>\n","protected":false},"author":1,"featured_media":0,"comment_status":"open","ping_status":"open","sticky":false,"template":"","format":"standard","meta":{"footnotes":""},"categories":[22],"tags":[749,958,964,1328,994,315],"class_list":["post-37409","post","type-post","status-publish","format-standard","hentry","category-policiales","tag-policia-bonaerense","tag-policia-federal","tag-policia-metropolitana","tag-prostibulos","tag-san-miguel","tag-trata-de-personas"],"_links":{"self":[{"href":"https:\/\/www.elsindical.com.ar\/notas\/wp-json\/wp\/v2\/posts\/37409","targetHints":{"allow":["GET"]}}],"collection":[{"href":"https:\/\/www.elsindical.com.ar\/notas\/wp-json\/wp\/v2\/posts"}],"about":[{"href":"https:\/\/www.elsindical.com.ar\/notas\/wp-json\/wp\/v2\/types\/post"}],"author":[{"embeddable":true,"href":"https:\/\/www.elsindical.com.ar\/notas\/wp-json\/wp\/v2\/users\/1"}],"replies":[{"embeddable":true,"href":"https:\/\/www.elsindical.com.ar\/notas\/wp-json\/wp\/v2\/comments?post=37409"}],"version-history":[{"count":1,"href":"https:\/\/www.elsindical.com.ar\/notas\/wp-json\/wp\/v2\/posts\/37409\/revisions"}],"predecessor-version":[{"id":37410,"href":"https:\/\/www.elsindical.com.ar\/notas\/wp-json\/wp\/v2\/posts\/37409\/revisions\/37410"}],"wp:attachment":[{"href":"https:\/\/www.elsindical.com.ar\/notas\/wp-json\/wp\/v2\/media?parent=37409"}],"wp:term":[{"taxonomy":"category","embeddable":true,"href":"https:\/\/www.elsindical.com.ar\/notas\/wp-json\/wp\/v2\/categories?post=37409"},{"taxonomy":"post_tag","embeddable":true,"href":"https:\/\/www.elsindical.com.ar\/notas\/wp-json\/wp\/v2\/tags?post=37409"}],"curies":[{"name":"wp","href":"https:\/\/api.w.org\/{rel}","templated":true}]}}