{"id":37364,"date":"2013-09-11T13:08:28","date_gmt":"2013-09-11T16:08:28","guid":{"rendered":"http:\/\/www.elsindical.com.ar\/notas\/?p=37364"},"modified":"2013-09-11T13:08:28","modified_gmt":"2013-09-11T16:08:28","slug":"nuevas-escalas-del-monotributo","status":"publish","type":"post","link":"https:\/\/www.elsindical.com.ar\/notas\/nuevas-escalas-del-monotributo\/","title":{"rendered":"Nuevas escalas del monotributo"},"content":{"rendered":"<p><em><a href=\"http:\/\/www.elsindical.com.ar\/notas\/var\/www\/html\/notas\/wp-content\/uploads\/2013\/09\/Nuevo-monotributo.jpg\"><img loading=\"lazy\" decoding=\"async\" class=\"alignnone size-medium wp-image-37365\" alt=\"Nuevo-monotributo\" src=\"http:\/\/www.elsindical.com.ar\/notas\/var\/www\/html\/notas\/wp-content\/uploads\/2013\/09\/Nuevo-monotributo-300x156.jpg\" width=\"300\" height=\"156\" srcset=\"https:\/\/www.elsindical.com.ar\/notas\/var\/www\/html\/notas\/wp-content\/uploads\/2013\/09\/Nuevo-monotributo-300x156.jpg 300w, https:\/\/www.elsindical.com.ar\/notas\/var\/www\/html\/notas\/wp-content\/uploads\/2013\/09\/Nuevo-monotributo-500x260.jpg 500w, https:\/\/www.elsindical.com.ar\/notas\/var\/www\/html\/notas\/wp-content\/uploads\/2013\/09\/Nuevo-monotributo.jpg 502w\" sizes=\"auto, (max-width: 300px) 100vw, 300px\" \/><\/a>El titular de AFIP, Ricardo Echegaray, inform\u00f3 que el r\u00e9gimen de prestaci\u00f3n de servicios tendr\u00e1 un l\u00edmite de facturaci\u00f3n de $400 mil. En el caso de servicios para la venta de bienes muebles, pasar\u00e1 a 600 mil. Rige desde el 1 de septiembre.<\/em><\/p>\n<p>En el marco del di\u00e1logo social con empresarios y sindicalistas, el titular de AFIP, <b>Ricardo Echegaray<\/b>, anunci\u00f3 un cambio general en los l\u00edmites de facturaci\u00f3n de todas las escalas del monotributo. La modificaci\u00f3n impositiva alcanzar\u00e1 a casi 2 millones de personas, de las cuales 740 mil poseen un relaci\u00f3n laboral de dependencia adicional.<\/p>\n<div>A modo de ejemplo, Echegaray inform\u00f3 que las personas categorizadas dentro del rubro prestaci\u00f3n de servicios tendr\u00e1n <b>un l\u00edmite de facturaci\u00f3n anual de 400 mil pesos<\/b>. Y en el caso de los servicios por venta de bienes muebles, el l\u00edmite ser\u00e1 de <b>600 mil pesos<\/b>.<\/div>\n<div><\/div>\n<div>\u00abEl nuevo r\u00e9gimen <b>comienza a regir desde el 1 de septiembre<\/b>. Y como la facturaci\u00f3n termina el 30, los que tienen que recategorizarse pueden usar estos nuevos par\u00e1metros\u00bb, explic\u00f3.<\/div>\n<div><\/div>\n<div>\n<div>Ante empresarios y sindicalistas que asistieron a la Casa Rosada, el titular del organismo recaudador explic\u00f3 que \u00ab<b>la medida alcanza a una cantidad importante de contribuyentes,<\/b> <b>2.250.338 de personas<\/b>, que est\u00e1n bajo el r\u00e9gimen de monotributo\u00bb.<\/div>\n<div><\/div>\n<div>Del total, el director de la AFIP remarc\u00f3 que poco m\u00e1s de un mill\u00f3n y medio son \u00abmonotributistas puros\u00bb y \u00a0\u00ab740 mil est\u00e1n en relaci\u00f3n de dependencia y forman parte del sistema de trabajo registrado\u00bb.<\/div>\n<div><\/div>\n<div>Se explic\u00f3 adem\u00e1s que quienes superan los l\u00edmites m\u00e1ximos de facturaci\u00f3n o los par\u00e1metros de metros cuadrados utilizados o energ\u00eda consumida (que se mantienen sin cambios tal como reg\u00edan hasta ahora), deben pasarse al r\u00e9gimen de Aut\u00f3nomos.<\/div>\n<div>\n<p>Del acto participaron el presidente de la C\u00e1mara Argentina de la Construcci\u00f3n (CAC), <b>Gustavo Weiss<\/b>; del vicepresidente de la C\u00e1mara de Comercio (CAC), <b>Eduardo Eurneki\u00e1n<\/b>; del titular de la Asociaci\u00f3n de Bancos de la Argentina (Adeba), <b>Jorge Brito<\/b>, y del vicepresidente de la UIA, <b>Jos\u00e9 Urtubey<\/b>.<\/p>\n<p>Tambi\u00e9n estuvieron presentes el titular de la CGT oficialista, <b>Antonio Cal\u00f3<\/b>; <b>Omar Viviani<\/b>, de los taxistas; <b>Ricardo Pignanelli<\/b>, de SMATA; y <b>Jos\u00e9 Luis Lingeri<\/b>, de Obras Sanitarias, entre otros.<\/p>\n<\/div>\n<\/div>\n","protected":false},"excerpt":{"rendered":"<p>El titular de AFIP, Ricardo Echegaray, inform\u00f3 que el r\u00e9gimen de prestaci\u00f3n de servicios tendr\u00e1 un l\u00edmite de facturaci\u00f3n de $400 mil. En el caso de servicios para la venta de bienes muebles, pasar\u00e1 a 600 mil. Rige desde el 1 de septiembre. En el marco del di\u00e1logo social con empresarios y sindicalistas, el titular&hellip;<\/p>\n","protected":false},"author":1,"featured_media":0,"comment_status":"open","ping_status":"open","sticky":false,"template":"","format":"standard","meta":{"footnotes":""},"categories":[9],"tags":[69,22023,5784,3553],"class_list":["post-37364","post","type-post","status-publish","format-standard","hentry","category-economia","tag-afip","tag-economia","tag-monotributo","tag-ricardo-echegaray"],"_links":{"self":[{"href":"https:\/\/www.elsindical.com.ar\/notas\/wp-json\/wp\/v2\/posts\/37364","targetHints":{"allow":["GET"]}}],"collection":[{"href":"https:\/\/www.elsindical.com.ar\/notas\/wp-json\/wp\/v2\/posts"}],"about":[{"href":"https:\/\/www.elsindical.com.ar\/notas\/wp-json\/wp\/v2\/types\/post"}],"author":[{"embeddable":true,"href":"https:\/\/www.elsindical.com.ar\/notas\/wp-json\/wp\/v2\/users\/1"}],"replies":[{"embeddable":true,"href":"https:\/\/www.elsindical.com.ar\/notas\/wp-json\/wp\/v2\/comments?post=37364"}],"version-history":[{"count":1,"href":"https:\/\/www.elsindical.com.ar\/notas\/wp-json\/wp\/v2\/posts\/37364\/revisions"}],"predecessor-version":[{"id":37366,"href":"https:\/\/www.elsindical.com.ar\/notas\/wp-json\/wp\/v2\/posts\/37364\/revisions\/37366"}],"wp:attachment":[{"href":"https:\/\/www.elsindical.com.ar\/notas\/wp-json\/wp\/v2\/media?parent=37364"}],"wp:term":[{"taxonomy":"category","embeddable":true,"href":"https:\/\/www.elsindical.com.ar\/notas\/wp-json\/wp\/v2\/categories?post=37364"},{"taxonomy":"post_tag","embeddable":true,"href":"https:\/\/www.elsindical.com.ar\/notas\/wp-json\/wp\/v2\/tags?post=37364"}],"curies":[{"name":"wp","href":"https:\/\/api.w.org\/{rel}","templated":true}]}}