{"id":37303,"date":"2013-09-07T18:29:08","date_gmt":"2013-09-07T21:29:08","guid":{"rendered":"http:\/\/www.elsindical.com.ar\/notas\/?p=37303"},"modified":"2013-09-08T13:22:25","modified_gmt":"2013-09-08T16:22:25","slug":"estamos-buscando-a-aldana-ferreyra","status":"publish","type":"post","link":"https:\/\/www.elsindical.com.ar\/notas\/estamos-buscando-a-aldana-ferreyra\/","title":{"rendered":"Estamos buscando a Aldana Ferreyra"},"content":{"rendered":"<p><a href=\"http:\/\/www.elsindical.com.ar\/notas\/var\/www\/html\/notas\/wp-content\/uploads\/2013\/09\/Aldana-Ferreyra.jpg\"><img loading=\"lazy\" decoding=\"async\" class=\"alignnone size-medium wp-image-37304\" alt=\"Aldana-Ferreyra\" src=\"http:\/\/www.elsindical.com.ar\/notas\/var\/www\/html\/notas\/wp-content\/uploads\/2013\/09\/Aldana-Ferreyra-230x300.jpg\" width=\"230\" height=\"300\" srcset=\"https:\/\/www.elsindical.com.ar\/notas\/var\/www\/html\/notas\/wp-content\/uploads\/2013\/09\/Aldana-Ferreyra-230x300.jpg 230w, https:\/\/www.elsindical.com.ar\/notas\/var\/www\/html\/notas\/wp-content\/uploads\/2013\/09\/Aldana-Ferreyra.jpg 502w\" sizes=\"auto, (max-width: 230px) 100vw, 230px\" \/><\/a>Se llama Aldana Ferreyra, tiene 16 a\u00f1os , mide 1,50 y pelo casta\u00f1o oscuro. Sus compa\u00f1eros est\u00e1n movilizados por las redes sociales intentando dar con su paradero.<\/p>\n<p>Es alumna del ENSPA. Est\u00e1 desaparecida desde el viernes al mediod\u00eda, la \u00faltima vez que se la vio fue por Avellaneda, ten\u00eda una calza negra, un buzo de animal print, un bolso celeste \u201cTommy\u201d y zapatillas \u201cReebook\u201d blancas.<\/p>\n<p>Por favor cualquier cosa que sepan comunicarse a: 4203-5868. O al 911 para aclarar que la menor se encuentra desaparecida y avisen a su familia.<\/p>\n<p>La joven se encuentra en perfectas condiciones y su ausencia se deb\u00eda a que se encontraba en la casa de un joven, fue ubicada el domingo 8 de septiembre.<\/p>\n","protected":false},"excerpt":{"rendered":"<p>Se llama Aldana Ferreyra, tiene 16 a\u00f1os , mide 1,50 y pelo casta\u00f1o oscuro. Sus compa\u00f1eros est\u00e1n movilizados por las redes sociales intentando dar con su paradero. Es alumna del ENSPA. Est\u00e1 desaparecida desde el viernes al mediod\u00eda, la \u00faltima vez que se la vio fue por Avellaneda, ten\u00eda una calza negra, un buzo de&hellip;<\/p>\n","protected":false},"author":1,"featured_media":0,"comment_status":"open","ping_status":"open","sticky":false,"template":"","format":"standard","meta":{"footnotes":""},"categories":[26],"tags":[16934,461,973,16935],"class_list":["post-37303","post","type-post","status-publish","format-standard","hentry","category-solidaridad","tag-aldana-ferreyra","tag-avellaneda","tag-desaparecida","tag-enspa"],"_links":{"self":[{"href":"https:\/\/www.elsindical.com.ar\/notas\/wp-json\/wp\/v2\/posts\/37303","targetHints":{"allow":["GET"]}}],"collection":[{"href":"https:\/\/www.elsindical.com.ar\/notas\/wp-json\/wp\/v2\/posts"}],"about":[{"href":"https:\/\/www.elsindical.com.ar\/notas\/wp-json\/wp\/v2\/types\/post"}],"author":[{"embeddable":true,"href":"https:\/\/www.elsindical.com.ar\/notas\/wp-json\/wp\/v2\/users\/1"}],"replies":[{"embeddable":true,"href":"https:\/\/www.elsindical.com.ar\/notas\/wp-json\/wp\/v2\/comments?post=37303"}],"version-history":[{"count":3,"href":"https:\/\/www.elsindical.com.ar\/notas\/wp-json\/wp\/v2\/posts\/37303\/revisions"}],"predecessor-version":[{"id":37315,"href":"https:\/\/www.elsindical.com.ar\/notas\/wp-json\/wp\/v2\/posts\/37303\/revisions\/37315"}],"wp:attachment":[{"href":"https:\/\/www.elsindical.com.ar\/notas\/wp-json\/wp\/v2\/media?parent=37303"}],"wp:term":[{"taxonomy":"category","embeddable":true,"href":"https:\/\/www.elsindical.com.ar\/notas\/wp-json\/wp\/v2\/categories?post=37303"},{"taxonomy":"post_tag","embeddable":true,"href":"https:\/\/www.elsindical.com.ar\/notas\/wp-json\/wp\/v2\/tags?post=37303"}],"curies":[{"name":"wp","href":"https:\/\/api.w.org\/{rel}","templated":true}]}}