{"id":37201,"date":"2013-09-03T01:33:23","date_gmt":"2013-09-03T04:33:23","guid":{"rendered":"http:\/\/www.elsindical.com.ar\/notas\/?p=37201"},"modified":"2013-09-03T01:33:23","modified_gmt":"2013-09-03T04:33:23","slug":"efemeridesdel-dia-3-de-septiembre-4","status":"publish","type":"post","link":"https:\/\/www.elsindical.com.ar\/notas\/efemeridesdel-dia-3-de-septiembre-4\/","title":{"rendered":"EFEM\u00c9RIDES:DEL D\u00cdA 3 DE SEPTIEMBRE"},"content":{"rendered":"<p><a href=\"http:\/\/www.elsindical.com.ar\/notas\/var\/www\/html\/notas\/wp-content\/uploads\/2013\/09\/Batalla-de-Las-Piedras.jpg\"><img loading=\"lazy\" decoding=\"async\" class=\"alignnone size-medium wp-image-37202\" alt=\"Batalla-de-Las-Piedras\" src=\"http:\/\/www.elsindical.com.ar\/notas\/var\/www\/html\/notas\/wp-content\/uploads\/2013\/09\/Batalla-de-Las-Piedras-300x201.jpg\" width=\"300\" height=\"201\" srcset=\"https:\/\/www.elsindical.com.ar\/notas\/var\/www\/html\/notas\/wp-content\/uploads\/2013\/09\/Batalla-de-Las-Piedras-300x201.jpg 300w, https:\/\/www.elsindical.com.ar\/notas\/var\/www\/html\/notas\/wp-content\/uploads\/2013\/09\/Batalla-de-Las-Piedras.jpg 443w\" sizes=\"auto, (max-width: 300px) 100vw, 300px\" \/><\/a>Las efem\u00e9rides correspondientes al 3 de septiembre son las siguientes:<\/p>\n<p>1783 &#8211; Tratado de Paz entre Espa\u00f1a e Inglaterra.<\/p>\n<p>En Versalles, Francia, se firm\u00f3 entre los comisionados de Espa\u00f1a e Inglaterra un tratado definitivo de paz, debiendo Gran Breta\u00f1a ceder al gobierno espa\u00f1ol la Florida Oriental, igualmente que la occidental, como tambi\u00e9n la isla de Menorca, recibiendo por su parte algunas concesiones de Carlos II.<\/p>\n<p>A la vez quedaba el gobierno del R\u00edo de la Plata en posesi\u00f3n absoluta de la Colonia del Sacramento.<\/p>\n<p>1812 &#8211; Combate de Las Piedras.<\/p>\n<p>A la margen del r\u00edo de Las Piedras se inici\u00f3 un combate entre la retaguardia del ej\u00e9rcito a las \u00f3rdenes del general Manuel Belgrano y la vanguardia del ej\u00e9rcito espa\u00f1ol comandado por el general P\u00edo Trist\u00e1n.<\/p>\n<p>En el primer momento las ventajas estuvieron por los hispanos, quienes, alentados con esos resultados y con refuerzos de tropa que recibieron, llegaron hasta la columna donde se hallaba el general Belgrano, que recibi\u00e9ndolos a balazos, los derrot\u00f3 completamente, dejando en el campo de batalla dos oficiales y 58 soldados muertos, varios heridos, 40 prisioneros y 150 fusiles tomados como bot\u00edn.<\/p>\n<p>1932 &#8211; Se inaugura en Buenos Aires, en la ex plaza 11 de Septiembre (hoy Plaza de Miserere) el Mausoleo de Bernardino Rivadavia, obra del escultor Rogelio Yrurtia (1879-1950).<\/p>\n<p>1933 &#8211; Base Naval Mar del Plata.<\/p>\n<p>Inici\u00f3 sus actividades la Base Naval Mar del Plata, con el arribo a ese puerto del guardacostas Belgrano, acompa\u00f1ado por los submarinos Salta, Santiago del Estero y Santa Fe.<\/p>\n<p>Esta dependencia tiene su origen en la ley 11.738, del 29 de septiembre de 1926, por lo que se autoriz\u00f3 al Poder Ejecutivo para adquirir dos grupos de tres submarinos cada uno y para iniciar la construcci\u00f3n de talleres, varadero y cuarteles en el puerto de Mar del Plata.<\/p>\n<p>1958 &#8211; Agitaci\u00f3n por la ense\u00f1anza.<\/p>\n<p>Estalla una ruidosa pol\u00e9mica entre los partidarios de la ense\u00f1anza \u00ablaica\u00bb y los de la ense\u00f1anza \u00ablibre\u00bb. La tesis oficial, sostenida por el presidente Frondizi, es favorable a la ense\u00f1anza libre que conlleva la creaci\u00f3n de universidades privadas.<\/p>\n<p>Esta postura es fuertemente resistida y produce una escisi\u00f3n en el partido oficialista, la UCRI, Uni\u00f3n C\u00edvica Radical intransigente.<\/p>\n<p>El problema se debate en el Congreso y finalmente triunfa una posici\u00f3n intermedia: las universidades privadas pueden expedir t\u00edtulos acad\u00e9micos, pero la habilitaci\u00f3n para el ejercicio profesional la concede el Estado.<\/p>\n<p>Como consecuencia de la nueva legislaci\u00f3n, abren sus puertas la Universidad Cat\u00f3lica Argentina, la del Salvador y otras casas de estudios superiores.<\/p>\n<p>1968 &#8211; Muere en Buenos Aires el notable compositor y director de orquesta de actuaci\u00f3n internacional Juan Jos\u00e9 Castro, autor del ballet \u00abMekhano\u00bb y de \u00f3peras como \u00abProserpina y el extranjero\u00bb y \u00abBodas de sangre\u00bb.<\/p>\n<p>Naci\u00f3 en Avellaneda (provincia de Buenos Aires) el 7 de marzo de 1895.<\/p>\n","protected":false},"excerpt":{"rendered":"<p>Las efem\u00e9rides correspondientes al 3 de septiembre son las siguientes: 1783 &#8211; Tratado de Paz entre Espa\u00f1a e Inglaterra. En Versalles, Francia, se firm\u00f3 entre los comisionados de Espa\u00f1a e Inglaterra un tratado definitivo de paz, debiendo Gran Breta\u00f1a ceder al gobierno espa\u00f1ol la Florida Oriental, igualmente que la occidental, como tambi\u00e9n la isla de&hellip;<\/p>\n","protected":false},"author":1,"featured_media":0,"comment_status":"open","ping_status":"open","sticky":false,"template":"","format":"standard","meta":{"footnotes":""},"categories":[14],"tags":[],"class_list":["post-37201","post","type-post","status-publish","format-standard","hentry","category-efemerides"],"_links":{"self":[{"href":"https:\/\/www.elsindical.com.ar\/notas\/wp-json\/wp\/v2\/posts\/37201","targetHints":{"allow":["GET"]}}],"collection":[{"href":"https:\/\/www.elsindical.com.ar\/notas\/wp-json\/wp\/v2\/posts"}],"about":[{"href":"https:\/\/www.elsindical.com.ar\/notas\/wp-json\/wp\/v2\/types\/post"}],"author":[{"embeddable":true,"href":"https:\/\/www.elsindical.com.ar\/notas\/wp-json\/wp\/v2\/users\/1"}],"replies":[{"embeddable":true,"href":"https:\/\/www.elsindical.com.ar\/notas\/wp-json\/wp\/v2\/comments?post=37201"}],"version-history":[{"count":1,"href":"https:\/\/www.elsindical.com.ar\/notas\/wp-json\/wp\/v2\/posts\/37201\/revisions"}],"predecessor-version":[{"id":37203,"href":"https:\/\/www.elsindical.com.ar\/notas\/wp-json\/wp\/v2\/posts\/37201\/revisions\/37203"}],"wp:attachment":[{"href":"https:\/\/www.elsindical.com.ar\/notas\/wp-json\/wp\/v2\/media?parent=37201"}],"wp:term":[{"taxonomy":"category","embeddable":true,"href":"https:\/\/www.elsindical.com.ar\/notas\/wp-json\/wp\/v2\/categories?post=37201"},{"taxonomy":"post_tag","embeddable":true,"href":"https:\/\/www.elsindical.com.ar\/notas\/wp-json\/wp\/v2\/tags?post=37201"}],"curies":[{"name":"wp","href":"https:\/\/api.w.org\/{rel}","templated":true}]}}