{"id":37198,"date":"2013-09-02T15:11:57","date_gmt":"2013-09-02T18:11:57","guid":{"rendered":"http:\/\/www.elsindical.com.ar\/notas\/?p=37198"},"modified":"2013-09-02T15:11:57","modified_gmt":"2013-09-02T18:11:57","slug":"avellanedavecinos-denuncian-que-la-plaza-san-martin-esta-copada-por-motochorros","status":"publish","type":"post","link":"https:\/\/www.elsindical.com.ar\/notas\/avellanedavecinos-denuncian-que-la-plaza-san-martin-esta-copada-por-motochorros\/","title":{"rendered":"Avellaneda:Vecinos denuncian que la Plaza San Mart\u00edn est\u00e1 copada por motochorros"},"content":{"rendered":"<p><em> <a href=\"http:\/\/www.elsindical.com.ar\/notas\/var\/www\/html\/notas\/wp-content\/uploads\/2013\/09\/Plaza-San-Mart\u00edn-Sarand\u00ed.jpg\"><img loading=\"lazy\" decoding=\"async\" class=\"alignnone size-medium wp-image-37199\" alt=\"Plaza-San-Mart\u00edn,-Sarand\u00ed\" src=\"http:\/\/www.elsindical.com.ar\/notas\/var\/www\/html\/notas\/wp-content\/uploads\/2013\/09\/Plaza-San-Mart\u00edn-Sarand\u00ed-300x201.jpg\" width=\"300\" height=\"201\" srcset=\"https:\/\/www.elsindical.com.ar\/notas\/var\/www\/html\/notas\/wp-content\/uploads\/2013\/09\/Plaza-San-Mart\u00edn-Sarand\u00ed-300x201.jpg 300w, https:\/\/www.elsindical.com.ar\/notas\/var\/www\/html\/notas\/wp-content\/uploads\/2013\/09\/Plaza-San-Mart\u00edn-Sarand\u00ed-446x300.jpg 446w, https:\/\/www.elsindical.com.ar\/notas\/var\/www\/html\/notas\/wp-content\/uploads\/2013\/09\/Plaza-San-Mart\u00edn-Sarand\u00ed.jpg 531w\" sizes=\"auto, (max-width: 300px) 100vw, 300px\" \/><\/a>Vecinos de la localidad de Sarand\u00ed, partido de Avellaneda, denuncian que desde hace 10 d\u00edas, la Plaza San Mart\u00edn, ubicada entre las calles Ricardo Guti\u00e9rrez, Int. Manuel Beguiristain, Vicente L\u00f3pez y Dardo Rocha, al oscurecer se ha tornado un lugar peligroso por la presencia de lo que se conoce como \u00abmotochorros\u00bb.<\/em><\/p>\n<p>Esta modalidad delictiva, la m\u00e1s com\u00fan en la zona y de la que los vecinos parecen no poder librarse, han ocupado la plaza, como ya lo hab\u00edamos denunciado en varias oportunidades desde El Sindical, para beber bebidas alcoh\u00f3licas\u00a0y drogarse, ahora se suma el robo.<\/p>\n<p>Las v\u00edctimas son variadas, pudimos charlar con unos vecinos que quisieron preservar sus identidades por temor, y nos refirieron que ya se cometieron 3 robos violentos, uno fue a un hombre que esperaba a su hija en la parada de colectivos existente en una de las esquinas de la plaza de las l\u00edneas 10 y 33, cuando fue sorprendido, asaltado y golpeado. El otro robo fue a una mujer que descendi\u00f3 del colectivo y fue abordada por dos j\u00f3venes en moto, mientras que en el tercer hecho, una joven que esperaba el colectivo fue asaltada, insultada e intimidada por los sujetos. En todos los casos, el modus operandi fue el mismo, sal\u00edan a velocidad desde el interior del anfiteatro.<\/p>\n<p>Nos constituimos en el lugar para poder hacer una inspecci\u00f3n ocular del lugar y advertir a los vecinos sobre la forma en que trabajan estos delincuentes.<\/p>\n<p>Si bien por la ma\u00f1ana la plaza tiene una pareja de cuidadores, al caer la tarde, nadie vigila lo que all\u00ed pasa y pasan muchas cosas.<iframe loading=\"lazy\" src=\"\/\/www.youtube.com\/embed\/nuZMeGYIz8I\" height=\"420\" width=\"580\" allowfullscreen=\"\" frameborder=\"0\"><\/iframe><\/p>\n<p>&nbsp;<\/p>\n<p><strong><em>Por Marcelo Ricardo Hawrylciw<\/em><\/strong><\/p>\n","protected":false},"excerpt":{"rendered":"<p>Vecinos de la localidad de Sarand\u00ed, partido de Avellaneda, denuncian que desde hace 10 d\u00edas, la Plaza San Mart\u00edn, ubicada entre las calles Ricardo Guti\u00e9rrez, Int. Manuel Beguiristain, Vicente L\u00f3pez y Dardo Rocha, al oscurecer se ha tornado un lugar peligroso por la presencia de lo que se conoce como \u00abmotochorros\u00bb. Esta modalidad delictiva, la&hellip;<\/p>\n","protected":false},"author":1,"featured_media":0,"comment_status":"open","ping_status":"open","sticky":false,"template":"","format":"standard","meta":{"footnotes":""},"categories":[6],"tags":[461,22020,984,30,1174,2330],"class_list":["post-37198","post","type-post","status-publish","format-standard","hentry","category-denuncias","tag-avellaneda","tag-denuncias","tag-inseguridad","tag-policia","tag-robos","tag-sarandi"],"_links":{"self":[{"href":"https:\/\/www.elsindical.com.ar\/notas\/wp-json\/wp\/v2\/posts\/37198","targetHints":{"allow":["GET"]}}],"collection":[{"href":"https:\/\/www.elsindical.com.ar\/notas\/wp-json\/wp\/v2\/posts"}],"about":[{"href":"https:\/\/www.elsindical.com.ar\/notas\/wp-json\/wp\/v2\/types\/post"}],"author":[{"embeddable":true,"href":"https:\/\/www.elsindical.com.ar\/notas\/wp-json\/wp\/v2\/users\/1"}],"replies":[{"embeddable":true,"href":"https:\/\/www.elsindical.com.ar\/notas\/wp-json\/wp\/v2\/comments?post=37198"}],"version-history":[{"count":1,"href":"https:\/\/www.elsindical.com.ar\/notas\/wp-json\/wp\/v2\/posts\/37198\/revisions"}],"predecessor-version":[{"id":37200,"href":"https:\/\/www.elsindical.com.ar\/notas\/wp-json\/wp\/v2\/posts\/37198\/revisions\/37200"}],"wp:attachment":[{"href":"https:\/\/www.elsindical.com.ar\/notas\/wp-json\/wp\/v2\/media?parent=37198"}],"wp:term":[{"taxonomy":"category","embeddable":true,"href":"https:\/\/www.elsindical.com.ar\/notas\/wp-json\/wp\/v2\/categories?post=37198"},{"taxonomy":"post_tag","embeddable":true,"href":"https:\/\/www.elsindical.com.ar\/notas\/wp-json\/wp\/v2\/tags?post=37198"}],"curies":[{"name":"wp","href":"https:\/\/api.w.org\/{rel}","templated":true}]}}