{"id":37195,"date":"2013-09-02T12:18:42","date_gmt":"2013-09-02T15:18:42","guid":{"rendered":"http:\/\/www.elsindical.com.ar\/notas\/?p=37195"},"modified":"2013-09-02T12:18:42","modified_gmt":"2013-09-02T15:18:42","slug":"la-plataen-medio-de-gresca-familiar-balean-a-nino-de-3-anos-en-berisso","status":"publish","type":"post","link":"https:\/\/www.elsindical.com.ar\/notas\/la-plataen-medio-de-gresca-familiar-balean-a-nino-de-3-anos-en-berisso\/","title":{"rendered":"La Plata:En medio de gresca familiar, balean a ni\u00f1o de 3 a\u00f1os en Berisso"},"content":{"rendered":"<p><em><a href=\"http:\/\/www.elsindical.com.ar\/notas\/var\/www\/html\/notas\/wp-content\/uploads\/2010\/07\/patrullero-bonaerense.jpg\"><img loading=\"lazy\" decoding=\"async\" class=\"alignnone size-medium wp-image-7973\" alt=\"patrullero-bonaerense\" src=\"http:\/\/www.elsindical.com.ar\/notas\/var\/www\/html\/notas\/wp-content\/uploads\/2010\/07\/patrullero-bonaerense-300x203.jpg\" width=\"300\" height=\"203\" srcset=\"https:\/\/www.elsindical.com.ar\/notas\/var\/www\/html\/notas\/wp-content\/uploads\/2010\/07\/patrullero-bonaerense-300x203.jpg 300w, https:\/\/www.elsindical.com.ar\/notas\/var\/www\/html\/notas\/wp-content\/uploads\/2010\/07\/patrullero-bonaerense.jpg 312w\" sizes=\"auto, (max-width: 300px) 100vw, 300px\" \/><\/a>Durante una pelea entre familiares, en la ciudad de Berisso, el menor recibi\u00f3 un balazo en la cabeza. Est\u00e1 internado en grave estado.<\/em><\/p>\n<p><b>Un ni\u00f1o de 3 a\u00f1os recibi\u00f3 un balazo en la cabeza al quedar en medio de una pelea familiar, en la ciudad de Berisso<\/b>, y est\u00e1 internado en grave estado.<\/p>\n<p>El episodio ocurri\u00f3 anoche en la puerta de una casa ubicada en las calles 20 y 125, de Berisso, hasta donde lleg\u00f3 un hombre en autom\u00f3vil,<b> en cuyo interior viajaba su hijo de 3 a\u00f1os y otro menor de edad. <\/b><\/p>\n<p>Seg\u00fan investiga la polic\u00eda, <b>el propietario del autom\u00f3vil mantuvo un altercado con otro hombre, familiar suyo, <\/b>que habita en esa vivienda.<\/p>\n<p>Tras mantener una fuerte discusi\u00f3n, <b>el automovilista puso en marcha el rodado y cuando se alejaba del lugar recibi\u00f3 un disparo que atraves\u00f3 el vidrio trasero e impact\u00f3 en la cabeza de su hijo de 3 a\u00f1os.<br \/>\n<\/b><br \/>\nEl ni\u00f1o fue trasladado al hospital San Mart\u00edn de La Plata y de all\u00ed derivado al hospital de Ni\u00f1os de La Plata donde permanece internado en estado reservado.<\/p>\n","protected":false},"excerpt":{"rendered":"<p>Durante una pelea entre familiares, en la ciudad de Berisso, el menor recibi\u00f3 un balazo en la cabeza. Est\u00e1 internado en grave estado. Un ni\u00f1o de 3 a\u00f1os recibi\u00f3 un balazo en la cabeza al quedar en medio de una pelea familiar, en la ciudad de Berisso, y est\u00e1 internado en grave estado. El episodio&hellip;<\/p>\n","protected":false},"author":1,"featured_media":0,"comment_status":"open","ping_status":"open","sticky":false,"template":"","format":"standard","meta":{"footnotes":""},"categories":[22],"tags":[10004,388,148,239,306],"class_list":["post-37195","post","type-post","status-publish","format-standard","hentry","category-policiales","tag-berisso","tag-disparo","tag-herido","tag-la-plata","tag-nino"],"_links":{"self":[{"href":"https:\/\/www.elsindical.com.ar\/notas\/wp-json\/wp\/v2\/posts\/37195","targetHints":{"allow":["GET"]}}],"collection":[{"href":"https:\/\/www.elsindical.com.ar\/notas\/wp-json\/wp\/v2\/posts"}],"about":[{"href":"https:\/\/www.elsindical.com.ar\/notas\/wp-json\/wp\/v2\/types\/post"}],"author":[{"embeddable":true,"href":"https:\/\/www.elsindical.com.ar\/notas\/wp-json\/wp\/v2\/users\/1"}],"replies":[{"embeddable":true,"href":"https:\/\/www.elsindical.com.ar\/notas\/wp-json\/wp\/v2\/comments?post=37195"}],"version-history":[{"count":1,"href":"https:\/\/www.elsindical.com.ar\/notas\/wp-json\/wp\/v2\/posts\/37195\/revisions"}],"predecessor-version":[{"id":37196,"href":"https:\/\/www.elsindical.com.ar\/notas\/wp-json\/wp\/v2\/posts\/37195\/revisions\/37196"}],"wp:attachment":[{"href":"https:\/\/www.elsindical.com.ar\/notas\/wp-json\/wp\/v2\/media?parent=37195"}],"wp:term":[{"taxonomy":"category","embeddable":true,"href":"https:\/\/www.elsindical.com.ar\/notas\/wp-json\/wp\/v2\/categories?post=37195"},{"taxonomy":"post_tag","embeddable":true,"href":"https:\/\/www.elsindical.com.ar\/notas\/wp-json\/wp\/v2\/tags?post=37195"}],"curies":[{"name":"wp","href":"https:\/\/api.w.org\/{rel}","templated":true}]}}