{"id":37193,"date":"2013-09-02T12:16:00","date_gmt":"2013-09-02T15:16:00","guid":{"rendered":"http:\/\/www.elsindical.com.ar\/notas\/?p=37193"},"modified":"2013-09-02T12:39:16","modified_gmt":"2013-09-02T15:39:16","slug":"el-presunto-violador-de-villa-urquiza-es-empleado-del-estado","status":"publish","type":"post","link":"https:\/\/www.elsindical.com.ar\/notas\/el-presunto-violador-de-villa-urquiza-es-empleado-del-estado\/","title":{"rendered":"El presunto violador de Villa Urquiza es empleado del Estado"},"content":{"rendered":"<p><em><a href=\"http:\/\/www.elsindical.com.ar\/notas\/var\/www\/html\/notas\/wp-content\/uploads\/2013\/09\/violador-Villa-Urquiza.jpg\"><img loading=\"lazy\" decoding=\"async\" class=\"alignnone size-medium wp-image-37171\" alt=\"violador-Villa-Urquiza\" src=\"http:\/\/www.elsindical.com.ar\/notas\/var\/www\/html\/notas\/wp-content\/uploads\/2013\/09\/violador-Villa-Urquiza-300x193.jpg\" width=\"300\" height=\"193\" srcset=\"https:\/\/www.elsindical.com.ar\/notas\/var\/www\/html\/notas\/wp-content\/uploads\/2013\/09\/violador-Villa-Urquiza-300x193.jpg 300w, https:\/\/www.elsindical.com.ar\/notas\/var\/www\/html\/notas\/wp-content\/uploads\/2013\/09\/violador-Villa-Urquiza-464x300.jpg 464w, https:\/\/www.elsindical.com.ar\/notas\/var\/www\/html\/notas\/wp-content\/uploads\/2013\/09\/violador-Villa-Urquiza.jpg 502w\" sizes=\"auto, (max-width: 300px) 100vw, 300px\" \/><\/a>Lo confirm\u00f3 el secretario de Seguridad de la Naci\u00f3n, Sergio Berni. El sospechoso le hab\u00eda dicho a los polic\u00edas que lo detuvieron en la madrugada del domingo \u00abOjo que soy funcionario\u00bb. Berni aclar\u00f3 que el supuesto criminal no ejerce un cargo, pero s\u00ed trabaja all\u00ed.<\/em><\/p>\n<p><b>\u00abEs un empleado del Estado, pero no funcionario\u00bb<\/b>, confirm\u00f3 el secretario de Seguridad de la Naci\u00f3n, <b>Sergio Berni<\/b>, a prop\u00f3sito de los dichos del presunto violador de Villa Urquiza.<\/p>\n<p>En di\u00e1logo con Radio del Plata, Berni aclar\u00f3 que por el momento no puede \u00abdar m\u00e1s datos sobre el tema\u00bb. De todos modos, admiti\u00f3:<b> \u00abEn principio fue reconocido por una de las v\u00edctimas as\u00ed que todo indica que es la persona que est\u00e1bamos buscando pero hay que ser cuidadosos\u00bb.<\/b><\/p>\n<p>Cuando lo detuvieron, el sospechoso le dijo a los polic\u00edas<b> \u00abOjo que soy funcionario\u00bb,<\/b> pero esos dichos hab\u00edan sido desmentidos. <b>Lo que s\u00ed se hab\u00eda revelado es que se trataba de un psic\u00f3logo de 54 a\u00f1os con licencia psiqui\u00e1trica y, m\u00e1s tarde, el gobierno nacional confirm\u00f3 que era un empleado estatal.<\/b><\/p>\n<p>Seg\u00fan fuentes oficiales, el detenido ser\u00eda empleado del Ministerio de Seguridad de la Naci\u00f3n, identificado como Marcelo Gonz\u00e1lez Calder\u00f3n.<\/p>\n<p>De acuerdo a los voceros, el atacante ingresaba a los comercios y se hac\u00eda pasar por cliente, por lo que preguntaba precios y conversaba con las mujeres.<\/p>\n<p>Tras asegurarse que las empleadas se encontraban solas y que al comercio entraba poca gente, extra\u00eda un arma que utilizaba para intimidar a las v\u00edctimas.<\/p>\n<p>\u00abLas dos \u00faltimas violaciones fueron exactamente en el horario del mediod\u00eda, entra como cualquier persona que va a consumir un producto, est\u00e1 unos diez o quince minutos y se asegura que no haya nadie en el lugar que la vendedora que lo atiende\u00bb, cont\u00f3 a la prensa una vecina de nombre Marcela.<\/p>\n<p>La mujer dijo que el violador primero simulaba un \u00abasalto\u00bb cuando sacaba de entre sus ropas un arma pero luego cerraba la puerta del negocio con llave para consumar el abuso sexual.<\/p>\n<p>\u00abEs una zona donde se encuentran diez colegios lo que implica que haya muchas chicas caminando solas y hay que estar muchos m\u00e1s atentos pero muchas familias trabajan y los hijos van solos a la escuela\u00bb, expres\u00f3, por su parte, otra vecina del barrio.<\/p>\n<p>En tanto, y a trav\u00e9s de la descripci\u00f3n de las mujeres abusadas, los investigadores confeccionaron un identikit que fue dado a conocer p\u00fablicamente.<\/p>\n<p>Adem\u00e1s, los vecinos y comerciantes de la zona colocaron en los locales y la v\u00eda p\u00fablica distintos carteles con la descripci\u00f3n del sindicado violador.<\/p>\n<p>En uno de los comercios se pudo leer uno de esos avisos con la advertencia \u00abHay un violador en la zona\u00bb y \u00ab\u00a1Est\u00e1 armado!\u00bb, acompa\u00f1ada por datos como que el agresor ten\u00eda entre 50 y 60 a\u00f1os, una estatura aproximada de 1,70 metros, \u00abpelo gris\u00bb y ojos \u00abcolor miel\u00bb, era de \u00abcontextura mediana\u00bb y se lo vio \u00abbien vestido\u00bb.<\/p>\n<p>Las fuentes consultadas dijeron que el detenido vive solo en la misma zona donde se cometieron los ataques y que se movilizaba a pie o en colectivo, ya que no tiene veh\u00edculo propio.<\/p>\n<p>Adem\u00e1s, los investigadores procuraban determinar si el hombre est\u00e1 bajo tratamiento psiqui\u00e1trico, al tiempo que aguardan \u00f3rdenes de allanamiento para buscar otros elementos de inter\u00e9s para la causa.<\/p>\n<p>Entre ellos, la supuesta arma de fuego que utilizaba y que no se descarta que fuese una r\u00e9plica, y una notebook que le robaron a una de las v\u00edctimas.<\/p>\n<p>El hecho es investigado por el Fiscal del distrito Saavedra-N\u00fa\u00f1ez, Jos\u00e9 Mar\u00eda Campagnoli.<\/p>\n","protected":false},"excerpt":{"rendered":"<p>Lo confirm\u00f3 el secretario de Seguridad de la Naci\u00f3n, Sergio Berni. El sospechoso le hab\u00eda dicho a los polic\u00edas que lo detuvieron en la madrugada del domingo \u00abOjo que soy funcionario\u00bb. Berni aclar\u00f3 que el supuesto criminal no ejerce un cargo, pero s\u00ed trabaja all\u00ed. \u00abEs un empleado del Estado, pero no funcionario\u00bb, confirm\u00f3 el&hellip;<\/p>\n","protected":false},"author":1,"featured_media":0,"comment_status":"open","ping_status":"open","sticky":false,"template":"","format":"standard","meta":{"footnotes":""},"categories":[22],"tags":[94,849,7556,11727,2339],"class_list":["post-37193","post","type-post","status-publish","format-standard","hentry","category-policiales","tag-empleado","tag-estado","tag-ministerio-de-seguridad-de-la-nacion","tag-sergio-berni","tag-villa-urquiza"],"_links":{"self":[{"href":"https:\/\/www.elsindical.com.ar\/notas\/wp-json\/wp\/v2\/posts\/37193","targetHints":{"allow":["GET"]}}],"collection":[{"href":"https:\/\/www.elsindical.com.ar\/notas\/wp-json\/wp\/v2\/posts"}],"about":[{"href":"https:\/\/www.elsindical.com.ar\/notas\/wp-json\/wp\/v2\/types\/post"}],"author":[{"embeddable":true,"href":"https:\/\/www.elsindical.com.ar\/notas\/wp-json\/wp\/v2\/users\/1"}],"replies":[{"embeddable":true,"href":"https:\/\/www.elsindical.com.ar\/notas\/wp-json\/wp\/v2\/comments?post=37193"}],"version-history":[{"count":2,"href":"https:\/\/www.elsindical.com.ar\/notas\/wp-json\/wp\/v2\/posts\/37193\/revisions"}],"predecessor-version":[{"id":37197,"href":"https:\/\/www.elsindical.com.ar\/notas\/wp-json\/wp\/v2\/posts\/37193\/revisions\/37197"}],"wp:attachment":[{"href":"https:\/\/www.elsindical.com.ar\/notas\/wp-json\/wp\/v2\/media?parent=37193"}],"wp:term":[{"taxonomy":"category","embeddable":true,"href":"https:\/\/www.elsindical.com.ar\/notas\/wp-json\/wp\/v2\/categories?post=37193"},{"taxonomy":"post_tag","embeddable":true,"href":"https:\/\/www.elsindical.com.ar\/notas\/wp-json\/wp\/v2\/tags?post=37193"}],"curies":[{"name":"wp","href":"https:\/\/api.w.org\/{rel}","templated":true}]}}