{"id":37136,"date":"2013-08-31T00:06:26","date_gmt":"2013-08-31T03:06:26","guid":{"rendered":"http:\/\/www.elsindical.com.ar\/notas\/?p=37136"},"modified":"2013-08-31T00:06:26","modified_gmt":"2013-08-31T03:06:26","slug":"publicaron-la-nueva-ley-de-adopcion-bonaerense","status":"publish","type":"post","link":"https:\/\/www.elsindical.com.ar\/notas\/publicaron-la-nueva-ley-de-adopcion-bonaerense\/","title":{"rendered":"Publicaron la nueva ley de adopci\u00f3n bonaerense"},"content":{"rendered":"<p><em><a href=\"http:\/\/www.elsindical.com.ar\/notas\/var\/www\/html\/notas\/wp-content\/uploads\/2013\/08\/adopci\u00f3n.jpg\"><img loading=\"lazy\" decoding=\"async\" class=\"alignnone size-medium wp-image-37138\" alt=\"adopci\u00f3n\" src=\"http:\/\/www.elsindical.com.ar\/notas\/var\/www\/html\/notas\/wp-content\/uploads\/2013\/08\/adopci\u00f3n-300x205.jpg\" width=\"300\" height=\"205\" srcset=\"https:\/\/www.elsindical.com.ar\/notas\/var\/www\/html\/notas\/wp-content\/uploads\/2013\/08\/adopci\u00f3n-300x205.jpg 300w, https:\/\/www.elsindical.com.ar\/notas\/var\/www\/html\/notas\/wp-content\/uploads\/2013\/08\/adopci\u00f3n-438x300.jpg 438w, https:\/\/www.elsindical.com.ar\/notas\/var\/www\/html\/notas\/wp-content\/uploads\/2013\/08\/adopci\u00f3n.jpg 443w\" sizes=\"auto, (max-width: 300px) 100vw, 300px\" \/><\/a>Reduce a meses el plazo para que se decida la adoptabilidad del menor.<\/em><\/p>\n<p>El gobierno bonaerense public\u00f3 hoy en el <strong>Bolet\u00edn Oficial <\/strong>la promulgaci\u00f3n de la nueva <strong>Ley de Adopci\u00f3n<\/strong>, aprobada en julio por la Legislatura provincial, que establece un plazo de <strong>seis meses<\/strong> para que el juez decida si est\u00e1n dadas la <strong>condiciones <\/strong>de <strong>\u00abdesamparo moral o material\u00bb <\/strong>para resolver la <strong>adoptabilidad<\/strong>.<\/p>\n<p>La ley dispone que en los casos de adopci\u00f3n \u00abintervendr\u00e1 el<strong> Juez de Familia<\/strong> del domicilio donde el ni\u00f1o, ni\u00f1a o adolescente resida habitualmente\u00bb y aclara que cuando no se conozca la residencia actuar\u00e1 \u00abel magistrado del lugar en que se <strong>encuentre <\/strong>el ni\u00f1o\u00bb o \u00abdonde se hubiesen tomado las <strong>primeras medidas<\/strong> de protecci\u00f3n\u00bb. Asimismo, fija un <strong>plazo de seis meses<\/strong> desde que se toma la primera medida de protecci\u00f3n del menor de edad, para que el juez decida si est\u00e1n <strong>dadas las condiciones<\/strong> de \u00abdesamparo moral o material\u00bb para resolver la <strong>adoptabilidad<\/strong>.<\/p>\n<p>El autor de la ley, Marcelo Feli\u00fa, explic\u00f3 que \u00abesto no quiere decir que a los seis meses <strong>se entregue en adopci\u00f3n<\/strong> a un ni\u00f1o, pero s\u00ed que el juez tendr\u00e1 que <strong>analizar <\/strong>el expediente en ese <strong>lapso<\/strong>\u00ab.<\/p>\n<p>La \u00abdeclaraci\u00f3n de situaci\u00f3n de adoptabilidad\u00bb ser\u00e1 decretada cuando el menor de edad \u00ab<strong>no tenga filiaci\u00f3n establecida<\/strong> o sus padres hayan <strong>fallecido <\/strong>y se haya <strong>agotado <\/strong>la <strong>b\u00fasqueda <\/strong>de <strong>familiares<\/strong>\u00ab, expresa el texto de la ley. Asimismo, manifiesta que un menor de edad ser\u00e1 declarado en situaci\u00f3n de <strong>adoptabilidad <\/strong>cuando hayan fracasado \u00ablas <strong>medidas excepcionales <\/strong>tendientes a que el ni\u00f1o <strong>permanezca en su familia de origen o ampliada<\/strong>\u00ab.<\/p>\n<p>La \u00abdeclaraci\u00f3n de situaci\u00f3n de adoptabilidad\u00bb ser\u00e1 decretada, adem\u00e1s, en los casos en los que<strong> \u00ablos padres hayan tomado la decisi\u00f3n libre e informada de que el ni\u00f1o o ni\u00f1a sea adoptado\u00bb<\/strong>. En esos casos la manifestaci\u00f3n ser\u00e1 v\u00e1lida <strong>s\u00f3lo si se produce despu\u00e9s de los 45 d\u00edas del nacimiento del menor de edad<\/strong>, sostiene la ley publicada en el Bolet\u00edn Oficial.<\/p>\n<p>\u00abLa declaraci\u00f3n judicial de la situaci\u00f3n de adoptabilidad no puede ser dictada cuando alg\u00fan <strong>familiar <\/strong>o <strong>referente <\/strong>afectivo del ni\u00f1o o ni\u00f1a ofrezca<strong> asumir su guarda o tutela <\/strong>y tal pedido sea considerado adecuado a su inter\u00e9s superior\u00bb, agrega.<\/p>\n<p>En la provincia de Buenos Aires, seg\u00fan datos revelados por la legislatura bonaerense, unos <strong>947 ni\u00f1os <\/strong>se encuentran en declaraci\u00f3n de <strong>adoptabilidad <\/strong>ya formulada, de los <strong>5.000 <\/strong>que se encuentran institucionalizados. A su vez, unas <strong>17.601 familias<\/strong> est\u00e1n inscriptas en la provincia para <strong>adoptar <\/strong>un menor de edad.<\/p>\n","protected":false},"excerpt":{"rendered":"<p>Reduce a meses el plazo para que se decida la adoptabilidad del menor. El gobierno bonaerense public\u00f3 hoy en el Bolet\u00edn Oficial la promulgaci\u00f3n de la nueva Ley de Adopci\u00f3n, aprobada en julio por la Legislatura provincial, que establece un plazo de seis meses para que el juez decida si est\u00e1n dadas la condiciones de&hellip;<\/p>\n","protected":false},"author":1,"featured_media":0,"comment_status":"open","ping_status":"open","sticky":false,"template":"","format":"standard","meta":{"footnotes":""},"categories":[25],"tags":[4823,1295,16886,15058],"class_list":["post-37136","post","type-post","status-publish","format-standard","hentry","category-sociedad","tag-adopcion","tag-boletin-oficial","tag-juez-de-familia","tag-marcelo-feliu"],"_links":{"self":[{"href":"https:\/\/www.elsindical.com.ar\/notas\/wp-json\/wp\/v2\/posts\/37136","targetHints":{"allow":["GET"]}}],"collection":[{"href":"https:\/\/www.elsindical.com.ar\/notas\/wp-json\/wp\/v2\/posts"}],"about":[{"href":"https:\/\/www.elsindical.com.ar\/notas\/wp-json\/wp\/v2\/types\/post"}],"author":[{"embeddable":true,"href":"https:\/\/www.elsindical.com.ar\/notas\/wp-json\/wp\/v2\/users\/1"}],"replies":[{"embeddable":true,"href":"https:\/\/www.elsindical.com.ar\/notas\/wp-json\/wp\/v2\/comments?post=37136"}],"version-history":[{"count":2,"href":"https:\/\/www.elsindical.com.ar\/notas\/wp-json\/wp\/v2\/posts\/37136\/revisions"}],"predecessor-version":[{"id":37139,"href":"https:\/\/www.elsindical.com.ar\/notas\/wp-json\/wp\/v2\/posts\/37136\/revisions\/37139"}],"wp:attachment":[{"href":"https:\/\/www.elsindical.com.ar\/notas\/wp-json\/wp\/v2\/media?parent=37136"}],"wp:term":[{"taxonomy":"category","embeddable":true,"href":"https:\/\/www.elsindical.com.ar\/notas\/wp-json\/wp\/v2\/categories?post=37136"},{"taxonomy":"post_tag","embeddable":true,"href":"https:\/\/www.elsindical.com.ar\/notas\/wp-json\/wp\/v2\/tags?post=37136"}],"curies":[{"name":"wp","href":"https:\/\/api.w.org\/{rel}","templated":true}]}}