{"id":37096,"date":"2013-08-29T13:37:45","date_gmt":"2013-08-29T16:37:45","guid":{"rendered":"http:\/\/www.elsindical.com.ar\/notas\/?p=37096"},"modified":"2013-08-29T13:37:45","modified_gmt":"2013-08-29T16:37:45","slug":"quilmesfue-a-robar-y-quedo-colgado-de-una-reja-en-don-bosco","status":"publish","type":"post","link":"https:\/\/www.elsindical.com.ar\/notas\/quilmesfue-a-robar-y-quedo-colgado-de-una-reja-en-don-bosco\/","title":{"rendered":"Quilmes:Fue a robar y qued\u00f3 colgado de una reja en Don Bosco"},"content":{"rendered":"<p><em><a href=\"http:\/\/www.elsindical.com.ar\/notas\/var\/www\/html\/notas\/wp-content\/uploads\/2013\/08\/subcomisar\u00eda-Don-Bosco.jpg\"><img loading=\"lazy\" decoding=\"async\" class=\"alignnone size-medium wp-image-37097\" alt=\"subcomisar\u00eda-Don-Bosco\" src=\"http:\/\/www.elsindical.com.ar\/notas\/var\/www\/html\/notas\/wp-content\/uploads\/2013\/08\/subcomisar\u00eda-Don-Bosco-300x170.jpg\" width=\"300\" height=\"170\" srcset=\"https:\/\/www.elsindical.com.ar\/notas\/var\/www\/html\/notas\/wp-content\/uploads\/2013\/08\/subcomisar\u00eda-Don-Bosco-300x170.jpg 300w, https:\/\/www.elsindical.com.ar\/notas\/var\/www\/html\/notas\/wp-content\/uploads\/2013\/08\/subcomisar\u00eda-Don-Bosco-500x284.jpg 500w, https:\/\/www.elsindical.com.ar\/notas\/var\/www\/html\/notas\/wp-content\/uploads\/2013\/08\/subcomisar\u00eda-Don-Bosco.jpg 531w\" sizes=\"auto, (max-width: 300px) 100vw, 300px\" \/><\/a>El delincuente, conocido como Monito, fue rescatado y detenido por la polic\u00eda. No descartan que haya actuado con la complicidad de otro sujeto en la parte exterior.<\/em><\/p>\n<p><b>El \u00abMonito\u00bb<\/b>, un renombrado delincuente de<b> Villa\u00a0 Itat\u00ed<\/b>, se trep\u00f3 al segundo piso de un comercio, rompi\u00f3 un vidrio e <b> ingres\u00f3 a robar,<\/b> pero cuando intent\u00f3 escapar qued\u00f3 <b>enganchado<\/b> -a m\u00e1s de\u00a0 tres metros de altura- con un pie y una mano en los hierros de una reja\u00a0 perimetral, por lo que tuvo que ser rescatado por lo bomberos y -luego-\u00a0 fue detenido.<\/p>\n<div>\n<p>El llamativo episodio se registr\u00f3 en avenida\u00a0 Dardo Rocha, entre Chaco y Los Andes, donde se encuentra un local del\u00a0 rubro equipamientos de casas rodantes y pick up. Hasta el lugar, lleg\u00f3\u00a0 un patrullero alertado por el 911 de la sub Comisar\u00eda Don Bosco, cuyos\u00a0 integrantes observaron al joven colgando y llamaron a un equipo de\u00a0 rescate de Bernal. Asimismo, advirtieron que se trataba de un robo, ya\u00a0 que una ventana ten\u00eda los vidrios rotos.<\/p>\n<p>R\u00e1pidamente llegaron los rescatistas,\u00a0 lograron bajarlo y se estableci\u00f3 que hab\u00eda ingresado al local comercial, el cual se hallaba desordenado. Luego, los uniformados lo identifican\u00a0 como un sujeto mayor de edad -de 20 a\u00f1os- oriundo de la Villa Itat\u00ed y\u00a0 apodado el Monito, que qued\u00f3 detenido por Tentativa de Robo Agravado por Escalamiento y Efracci\u00f3n, con intervenci\u00f3n de la Unidad Funcional de\u00a0 Instrucci\u00f3n N\u00ba 6 de Quilmes a cargo del doctor Juli\u00e1n Videla.<\/p>\n<p>No descartan que haya actuado con la\u00a0 complicidad de otro sujeto en la parte exterior, quien hasta el momento\u00a0 no pudo ser localizado por los investigadores policiales. En tanto,\u00a0 solicitaron las im\u00e1genes de las c\u00e1maras de seguridad de la zona para\u00a0 obtener mayor informaci\u00f3n del hecho.<\/p>\n<\/div>\n","protected":false},"excerpt":{"rendered":"<p>El delincuente, conocido como Monito, fue rescatado y detenido por la polic\u00eda. No descartan que haya actuado con la complicidad de otro sujeto en la parte exterior. El \u00abMonito\u00bb, un renombrado delincuente de Villa\u00a0 Itat\u00ed, se trep\u00f3 al segundo piso de un comercio, rompi\u00f3 un vidrio e ingres\u00f3 a robar, pero cuando intent\u00f3 escapar qued\u00f3&hellip;<\/p>\n","protected":false},"author":1,"featured_media":0,"comment_status":"open","ping_status":"open","sticky":false,"template":"","format":"standard","meta":{"footnotes":""},"categories":[22],"tags":[91,1076,16873,684,16874,116,7793,3653],"class_list":["post-37096","post","type-post","status-publish","format-standard","hentry","category-policiales","tag-detenido","tag-don-bosco","tag-el-monito","tag-quilmes","tag-reja","tag-robo","tag-ufi-6","tag-villa-itati"],"_links":{"self":[{"href":"https:\/\/www.elsindical.com.ar\/notas\/wp-json\/wp\/v2\/posts\/37096","targetHints":{"allow":["GET"]}}],"collection":[{"href":"https:\/\/www.elsindical.com.ar\/notas\/wp-json\/wp\/v2\/posts"}],"about":[{"href":"https:\/\/www.elsindical.com.ar\/notas\/wp-json\/wp\/v2\/types\/post"}],"author":[{"embeddable":true,"href":"https:\/\/www.elsindical.com.ar\/notas\/wp-json\/wp\/v2\/users\/1"}],"replies":[{"embeddable":true,"href":"https:\/\/www.elsindical.com.ar\/notas\/wp-json\/wp\/v2\/comments?post=37096"}],"version-history":[{"count":1,"href":"https:\/\/www.elsindical.com.ar\/notas\/wp-json\/wp\/v2\/posts\/37096\/revisions"}],"predecessor-version":[{"id":37098,"href":"https:\/\/www.elsindical.com.ar\/notas\/wp-json\/wp\/v2\/posts\/37096\/revisions\/37098"}],"wp:attachment":[{"href":"https:\/\/www.elsindical.com.ar\/notas\/wp-json\/wp\/v2\/media?parent=37096"}],"wp:term":[{"taxonomy":"category","embeddable":true,"href":"https:\/\/www.elsindical.com.ar\/notas\/wp-json\/wp\/v2\/categories?post=37096"},{"taxonomy":"post_tag","embeddable":true,"href":"https:\/\/www.elsindical.com.ar\/notas\/wp-json\/wp\/v2\/tags?post=37096"}],"curies":[{"name":"wp","href":"https:\/\/api.w.org\/{rel}","templated":true}]}}