{"id":37080,"date":"2013-08-28T23:52:09","date_gmt":"2013-08-29T02:52:09","guid":{"rendered":"http:\/\/www.elsindical.com.ar\/notas\/?p=37080"},"modified":"2017-05-26T09:49:06","modified_gmt":"2017-05-26T12:49:06","slug":"concentracion-frente-a-la-embajada-griega-por-el-desprocesamiento-del-dirigente-michel-savas-matsas","status":"publish","type":"post","link":"https:\/\/www.elsindical.com.ar\/notas\/concentracion-frente-a-la-embajada-griega-por-el-desprocesamiento-del-dirigente-michel-savas-matsas\/","title":{"rendered":"Concentraci\u00f3n frente a la embajada griega por el desprocesamiento del dirigente Michel Savas Matsas"},"content":{"rendered":"<p><em><a href=\"http:\/\/www.elsindical.com.ar\/notas\/var\/www\/html\/notas\/wp-content\/uploads\/2013\/08\/Michel-Savas-Matsas.jpg\"><img loading=\"lazy\" decoding=\"async\" class=\"alignnone size-medium wp-image-37082\" alt=\"Michel-Savas-Matsas\" src=\"http:\/\/www.elsindical.com.ar\/notas\/var\/www\/html\/notas\/wp-content\/uploads\/2013\/08\/Michel-Savas-Matsas-300x225.jpg\" width=\"300\" height=\"225\" srcset=\"https:\/\/www.elsindical.com.ar\/notas\/var\/www\/html\/notas\/wp-content\/uploads\/2013\/08\/Michel-Savas-Matsas-300x225.jpg 300w, https:\/\/www.elsindical.com.ar\/notas\/var\/www\/html\/notas\/wp-content\/uploads\/2013\/08\/Michel-Savas-Matsas-399x300.jpg 399w, https:\/\/www.elsindical.com.ar\/notas\/var\/www\/html\/notas\/wp-content\/uploads\/2013\/08\/Michel-Savas-Matsas.jpg 531w\" sizes=\"auto, (max-width: 300px) 100vw, 300px\" \/><\/a>Este jueves 29, a las 13:00 horas, se realizar\u00e1 una concentraci\u00f3n de dirigentes y militantes del Partido Obrero y de diversas organizaciones pol\u00edticas\u00a0y de derechos humanos de la Argentina, frente a la Embajada de Grecia en Buenos Aires.<\/em><\/p>\n<div>\u00a0La concentraci\u00f3n expresar\u00e1 nuestro rechazo\u00a0al enjuiciamiento de Michel Savas Matsas, prestigioso intelectual griego y dirigente del Partido Revolucionario de Grecia (EEK), cuyo inicio est\u00e1 previsto el pr\u00f3ximo 3 de septiembre en Atenas. Este juicio ha sido promovido por la organizaci\u00f3n nazi Amanecer Dorado, como parte de una persecuci\u00f3n\u00a0represiva contra los que se oponen a los progroms a inmigrantes y trabajadores que impulsa esta organizaci\u00f3n fascista. Amanecer Dorado est\u00e1 desarrollando p\u00fablicamente una vasta campa\u00f1a de tono antisemita contra Savas Matsas, estigmatizando a este dirigente por su origen jud\u00edo.<\/div>\n<div><\/div>\n<div>Un amplio arco de personalidades, dirigentes pol\u00edticos, sociales y estudiantiles han adherido al reclamo por el desprocesamiento de Savas en\u00a0la Argentina. En el d\u00eda de ma\u00f1ana, se concretar\u00e1 una jornada internacional por este reclamo, en Atenas y diversas ciudades europeas. En Buenos Aires,\u00a0\u00a0 una delegaci\u00f3n solicitar\u00e1 ser recibida por el Embajador de Grecia. Dirigentes del Partido Obrero han reclamado audiencia con \u00e9l, incluso a trav\u00e9s de una carta documento.\u00a0No hemos recibido respuesta.\u00a0El PO se ha dirigido a la canciller\u00eda argentina para ponerla en conocimiento de esta situaci\u00f3n.<\/div>\n<div><\/div>\n<div>La concentraci\u00f3n partir\u00e1 a las 13 horas de Figueroa Alcorta al 3000 \u2013esquina Mariscal Ram\u00f3n Castilla- , para dirigirse a la Embajada de Grecia, sita en Mariscal Ram\u00f3n Castilla 2952.<\/div>\n<div><\/div>\n<div><strong>Para comunicarse:<\/strong><\/div>\n<div><strong>Jorge Altamira 1544237873<\/strong><\/div>\n<div><strong>N\u00e9stor Pitrola 1553242356<\/strong><\/div>\n<div><strong>Marcelo Ramal 1556901943<\/strong><\/div>\n<div><strong>Gabriel Solano 1556901514<\/strong><\/div>\n","protected":false},"excerpt":{"rendered":"<p>Este jueves 29, a las 13:00 horas, se realizar\u00e1 una concentraci\u00f3n de dirigentes y militantes del Partido Obrero y de diversas organizaciones pol\u00edticas\u00a0y de derechos humanos de la Argentina, frente a la Embajada de Grecia en Buenos Aires. \u00a0La concentraci\u00f3n expresar\u00e1 nuestro rechazo\u00a0al enjuiciamiento de Michel Savas Matsas, prestigioso intelectual griego y dirigente del Partido&hellip;<\/p>\n","protected":false},"author":1,"featured_media":0,"comment_status":"open","ping_status":"open","sticky":false,"template":"","format":"standard","meta":{"footnotes":""},"categories":[25],"tags":[3348,16867,3346,16866,4965],"class_list":["post-37080","post","type-post","status-publish","format-standard","hentry","category-sociedad","tag-atenas","tag-eek","tag-grecia","tag-michel-savas-matsas","tag-po"],"_links":{"self":[{"href":"https:\/\/www.elsindical.com.ar\/notas\/wp-json\/wp\/v2\/posts\/37080","targetHints":{"allow":["GET"]}}],"collection":[{"href":"https:\/\/www.elsindical.com.ar\/notas\/wp-json\/wp\/v2\/posts"}],"about":[{"href":"https:\/\/www.elsindical.com.ar\/notas\/wp-json\/wp\/v2\/types\/post"}],"author":[{"embeddable":true,"href":"https:\/\/www.elsindical.com.ar\/notas\/wp-json\/wp\/v2\/users\/1"}],"replies":[{"embeddable":true,"href":"https:\/\/www.elsindical.com.ar\/notas\/wp-json\/wp\/v2\/comments?post=37080"}],"version-history":[{"count":2,"href":"https:\/\/www.elsindical.com.ar\/notas\/wp-json\/wp\/v2\/posts\/37080\/revisions"}],"predecessor-version":[{"id":37083,"href":"https:\/\/www.elsindical.com.ar\/notas\/wp-json\/wp\/v2\/posts\/37080\/revisions\/37083"}],"wp:attachment":[{"href":"https:\/\/www.elsindical.com.ar\/notas\/wp-json\/wp\/v2\/media?parent=37080"}],"wp:term":[{"taxonomy":"category","embeddable":true,"href":"https:\/\/www.elsindical.com.ar\/notas\/wp-json\/wp\/v2\/categories?post=37080"},{"taxonomy":"post_tag","embeddable":true,"href":"https:\/\/www.elsindical.com.ar\/notas\/wp-json\/wp\/v2\/tags?post=37080"}],"curies":[{"name":"wp","href":"https:\/\/api.w.org\/{rel}","templated":true}]}}