{"id":37075,"date":"2013-08-28T23:30:12","date_gmt":"2013-08-29T02:30:12","guid":{"rendered":"http:\/\/www.elsindical.com.ar\/notas\/?p=37075"},"modified":"2013-08-28T23:30:12","modified_gmt":"2013-08-29T02:30:12","slug":"berazateguilos-industriales-participaran-de-una-ronda-de-negocios","status":"publish","type":"post","link":"https:\/\/www.elsindical.com.ar\/notas\/berazateguilos-industriales-participaran-de-una-ronda-de-negocios\/","title":{"rendered":"Berazategui:Los industriales participaran de una ronda de negocios"},"content":{"rendered":"<p><em><a href=\"http:\/\/www.elsindical.com.ar\/notas\/var\/www\/html\/notas\/wp-content\/uploads\/2013\/08\/expo-industrial-Berazategui-02.jpg\"><img loading=\"lazy\" decoding=\"async\" class=\"alignnone size-medium wp-image-37076\" alt=\"expo-industrial-Berazategui-02\" src=\"http:\/\/www.elsindical.com.ar\/notas\/var\/www\/html\/notas\/wp-content\/uploads\/2013\/08\/expo-industrial-Berazategui-02-300x179.jpg\" width=\"300\" height=\"179\" srcset=\"https:\/\/www.elsindical.com.ar\/notas\/var\/www\/html\/notas\/wp-content\/uploads\/2013\/08\/expo-industrial-Berazategui-02-300x179.jpg 300w, https:\/\/www.elsindical.com.ar\/notas\/var\/www\/html\/notas\/wp-content\/uploads\/2013\/08\/expo-industrial-Berazategui-02-500x300.jpg 500w, https:\/\/www.elsindical.com.ar\/notas\/var\/www\/html\/notas\/wp-content\/uploads\/2013\/08\/expo-industrial-Berazategui-02.jpg 502w\" sizes=\"auto, (max-width: 300px) 100vw, 300px\" \/><\/a>Empresarios de todas partes del pa\u00eds se dar\u00e1n cita en una nueva \u00abRonda de Negocios\u00bb en la localidad de Berazategui. Participar\u00e1n adem\u00e1s firmas industriales de distintos pa\u00edses que integran el Mercosur.<\/em><\/p>\n<p>M\u00e1s de medio millar de industrias y peque\u00f1as empresas converger\u00e1n esta semana en la \u00abRonda de Negocios Nacional e Internacional, y la Expo Industrial Berazategui 2013\u00bb que se desarrollar\u00e1 en esa localidad del Gran Buenos Aires (GBA).<\/p>\n<p>El evento, que se realizar\u00e1 del 29 al 31 de agosto, tiene por eslogan \u00abEl crecimiento pasa por la integraci\u00f3n\u00bb y es organizado por la Confederaci\u00f3n General Econ\u00f3mica (CGE), la Confederaci\u00f3n General Empresaria de la Rep\u00fablica Argentina (CGERA), y la Uni\u00f3n Industrial de Berazategui (UIB).<\/p>\n<p>El presidente del Consejo de Parques Industriales de la Confederaci\u00f3n Econ\u00f3mica de la Provincia de Buenos Aires (CEPBA), y titular de la UIB, Daniel Rosato, consider\u00f3 el evento como \u00abuna importante\u00a0oportunidad para relacionar a la peque\u00f1a y\u00a0mediana empresa con las industrias m\u00e1s importantes\u00a0del pa\u00eds y el exterior, en una inmejorable\u00a0oportunidad para que en dos jornadas de\u00a0trabajos se consigan generar entrevistas\u00a0que pueden cambiar el rumbo de la PYME,\u00a0y adem\u00e1s brindarle a las firmas que lideran el mercado nacional\u00a0la posibilidad de conseguir nuevos\u00a0proveedores\u00bb.<\/p>\n<p>Rosato detall\u00f3 que \u00abla propuesta para este 2013 es exponer todo el potencial industrial nacional, vinculando a sectores empresariales como el petrolero, metalmec\u00e1nico, papel, cart\u00f3n, vidrio, alimentos, textil, calzado, metal\u00fargica, qu\u00edmicas, calderer\u00eda, maquinas y equipos, madereros, muebles, pl\u00e1sticos, supermercadista, etc\u00bb.<\/p>\n<p>Entre las empresas que confirmaron su participaci\u00f3n se encuentran: YPF, Chevron, Pan American, Petrobras, Total Austral, Axion Energy, San Antonio Internacional, y Eco Petrol. Tambi\u00e9n asistir\u00e1n m\u00e1s de una docena de empresas internacionales del rubro del petr\u00f3leo y el alimento, provenientes de pa\u00edses como: Brasil, Ecuador, Colombia, Chile, Bolivia, Uruguay, Paraguay, Per\u00fa y Costa Rica.<\/p>\n<p>La ronda de negocios estar\u00e1 adem\u00e1s acompa\u00f1ada\u00a0por la Cuarta Expo Industrial de Berazategui,\u00a0donde m\u00e1s de un centenar empresas exhibir\u00e1n sus\u00a0productos en stands emplazados en las modernas instalaciones del Centro de Actividades \u00abRoberto De Vicenzo\u00bb, sito en calle 148 y 18 de Berazategui.\u00a0La entrada a la Expo es libre y gratuita, y podr\u00e1 ser visitada\u00a0del 29 al 31 de agosto\u00a0en el horario de 12 a 19 horas.<\/p>\n<p>Cabe destacar que dicha actividad cuenta con el auspicio del Ministerio de Econom\u00eda y Finanzas P\u00fablicas; Ministerio de Industria y Turismo; la Secretar\u00eda de Ambiente y Desarrollo Sustentable de la Naci\u00f3n; y la Municipalidad de Berazategui.<\/p>\n<p>Colaboran con el evento: el Ministerio de Desarrollo Social de la Naci\u00f3n; Ministerio de la Producci\u00f3n, Ciencia y Tecnolog\u00eda de la Provincia de Buenos Aires; la Secretar\u00eda de la Peque\u00f1a y Mediana Empresa y Desarrollo Regional (SEPYME)<strong>; <\/strong>la C\u00e1mara de la Peque\u00f1a y Mediana Industria Metal\u00fargica Argentina (CAMINA); la Uni\u00f3n Industrial de la Provincia de Buenos (UIPBA); y la Confederaci\u00f3n Econ\u00f3mica de la Provincia de Buenos Aires (CEPBA).<\/p>\n","protected":false},"excerpt":{"rendered":"<p>Empresarios de todas partes del pa\u00eds se dar\u00e1n cita en una nueva \u00abRonda de Negocios\u00bb en la localidad de Berazategui. Participar\u00e1n adem\u00e1s firmas industriales de distintos pa\u00edses que integran el Mercosur. M\u00e1s de medio millar de industrias y peque\u00f1as empresas converger\u00e1n esta semana en la \u00abRonda de Negocios Nacional e Internacional, y la Expo Industrial&hellip;<\/p>\n","protected":false},"author":1,"featured_media":0,"comment_status":"open","ping_status":"open","sticky":false,"template":"","format":"standard","meta":{"footnotes":""},"categories":[28],"tags":[1277,16861,16863,16864,1435,9521,16860,9595,16865,16862],"class_list":["post-37075","post","type-post","status-publish","format-standard","hentry","category-empresariales","tag-berazategui","tag-cepba","tag-cge","tag-daniel-rosato","tag-empresarios","tag-gba","tag-industria","tag-mercosur","tag-pyme","tag-uib"],"_links":{"self":[{"href":"https:\/\/www.elsindical.com.ar\/notas\/wp-json\/wp\/v2\/posts\/37075","targetHints":{"allow":["GET"]}}],"collection":[{"href":"https:\/\/www.elsindical.com.ar\/notas\/wp-json\/wp\/v2\/posts"}],"about":[{"href":"https:\/\/www.elsindical.com.ar\/notas\/wp-json\/wp\/v2\/types\/post"}],"author":[{"embeddable":true,"href":"https:\/\/www.elsindical.com.ar\/notas\/wp-json\/wp\/v2\/users\/1"}],"replies":[{"embeddable":true,"href":"https:\/\/www.elsindical.com.ar\/notas\/wp-json\/wp\/v2\/comments?post=37075"}],"version-history":[{"count":1,"href":"https:\/\/www.elsindical.com.ar\/notas\/wp-json\/wp\/v2\/posts\/37075\/revisions"}],"predecessor-version":[{"id":37077,"href":"https:\/\/www.elsindical.com.ar\/notas\/wp-json\/wp\/v2\/posts\/37075\/revisions\/37077"}],"wp:attachment":[{"href":"https:\/\/www.elsindical.com.ar\/notas\/wp-json\/wp\/v2\/media?parent=37075"}],"wp:term":[{"taxonomy":"category","embeddable":true,"href":"https:\/\/www.elsindical.com.ar\/notas\/wp-json\/wp\/v2\/categories?post=37075"},{"taxonomy":"post_tag","embeddable":true,"href":"https:\/\/www.elsindical.com.ar\/notas\/wp-json\/wp\/v2\/tags?post=37075"}],"curies":[{"name":"wp","href":"https:\/\/api.w.org\/{rel}","templated":true}]}}