{"id":36996,"date":"2013-08-23T20:45:44","date_gmt":"2013-08-23T23:45:44","guid":{"rendered":"http:\/\/www.elsindical.com.ar\/notas\/?p=36996"},"modified":"2013-08-23T20:45:44","modified_gmt":"2013-08-23T23:45:44","slug":"scioli-echo-a-dos-funcionarios-de-su-gabinete-que-se-pasaron-al-massismo","status":"publish","type":"post","link":"https:\/\/www.elsindical.com.ar\/notas\/scioli-echo-a-dos-funcionarios-de-su-gabinete-que-se-pasaron-al-massismo\/","title":{"rendered":"Scioli ech\u00f3 a dos funcionarios de su gabinete que se pasaron al massismo"},"content":{"rendered":"<p><em><a href=\"http:\/\/www.elsindical.com.ar\/notas\/var\/www\/html\/notas\/wp-content\/uploads\/2010\/05\/Daniel-Scioli.jpg\"><img loading=\"lazy\" decoding=\"async\" class=\"alignnone size-full wp-image-6389\" alt=\"Daniel-Scioli\" src=\"http:\/\/www.elsindical.com.ar\/notas\/var\/www\/html\/notas\/wp-content\/uploads\/2010\/05\/Daniel-Scioli.jpg\" width=\"198\" height=\"204\" \/><\/a>Los funcionarios Tom\u00e1s Hogan, presidente de Centrales de la Costa Atl\u00e1ntica S.A, y Patricio L\u00f3pez Mancinelli, titular del Fondo de Garant\u00edas Bonaerense (Fogaba), fueron echados por el gobernador bonaerense luego de que decidieran enrolarse en las filas del Frente Renovador, espacio liderado por el intendente de Tigre, Sergio Massa.<\/em><\/p>\n<p>El gobernador bonaerense, Daniel Scioli, pidi\u00f3 la renuncia de dos funcionarios de su administraci\u00f3n que decidieron enrolarse en las filas del Frente Renovador.<\/p>\n<p>Se trata de Tom\u00e1s Hogan, el presidente de Centrales de la Costa Atl\u00e1ntica S.A, y de Patricio L\u00f3pez Mancinelli, el titular del Fondo de Garant\u00edas Bonaerense (Fogaba).<\/p>\n<p>La renuncia les fue aceptada por los ministros Cristian Breitenstein y Alejandro Arl\u00eda, luego de que Scioli les solicitara que dieran un paso al costado del gabinete provincial al hacerse p\u00fablico que ambos se hab\u00edan sumado al espacio que lidera el intendente de Tigre, Sergio Massa.<\/p>\n<p>Hogan es el padre de Patricio Hogan, el intendente de Miramar y candidato a senador provincial por la Quinta Secci\u00f3n del Frente Renovador, mientras que L\u00f3pez Mancinelli es un dirigente cercano al intendente massista de Olavarr\u00eda Jos\u00e9 Eseverri.<\/p>\n","protected":false},"excerpt":{"rendered":"<p>Los funcionarios Tom\u00e1s Hogan, presidente de Centrales de la Costa Atl\u00e1ntica S.A, y Patricio L\u00f3pez Mancinelli, titular del Fondo de Garant\u00edas Bonaerense (Fogaba), fueron echados por el gobernador bonaerense luego de que decidieran enrolarse en las filas del Frente Renovador, espacio liderado por el intendente de Tigre, Sergio Massa. El gobernador bonaerense, Daniel Scioli, pidi\u00f3&hellip;<\/p>\n","protected":false},"author":1,"featured_media":0,"comment_status":"open","ping_status":"open","sticky":false,"template":"","format":"standard","meta":{"footnotes":""},"categories":[13],"tags":[983,3918,646,16843],"class_list":["post-36996","post","type-post","status-publish","format-standard","hentry","category-politica","tag-daniel-scioli","tag-sergio-massa","tag-tigre","tag-tomas-hogan"],"_links":{"self":[{"href":"https:\/\/www.elsindical.com.ar\/notas\/wp-json\/wp\/v2\/posts\/36996","targetHints":{"allow":["GET"]}}],"collection":[{"href":"https:\/\/www.elsindical.com.ar\/notas\/wp-json\/wp\/v2\/posts"}],"about":[{"href":"https:\/\/www.elsindical.com.ar\/notas\/wp-json\/wp\/v2\/types\/post"}],"author":[{"embeddable":true,"href":"https:\/\/www.elsindical.com.ar\/notas\/wp-json\/wp\/v2\/users\/1"}],"replies":[{"embeddable":true,"href":"https:\/\/www.elsindical.com.ar\/notas\/wp-json\/wp\/v2\/comments?post=36996"}],"version-history":[{"count":1,"href":"https:\/\/www.elsindical.com.ar\/notas\/wp-json\/wp\/v2\/posts\/36996\/revisions"}],"predecessor-version":[{"id":36997,"href":"https:\/\/www.elsindical.com.ar\/notas\/wp-json\/wp\/v2\/posts\/36996\/revisions\/36997"}],"wp:attachment":[{"href":"https:\/\/www.elsindical.com.ar\/notas\/wp-json\/wp\/v2\/media?parent=36996"}],"wp:term":[{"taxonomy":"category","embeddable":true,"href":"https:\/\/www.elsindical.com.ar\/notas\/wp-json\/wp\/v2\/categories?post=36996"},{"taxonomy":"post_tag","embeddable":true,"href":"https:\/\/www.elsindical.com.ar\/notas\/wp-json\/wp\/v2\/tags?post=36996"}],"curies":[{"name":"wp","href":"https:\/\/api.w.org\/{rel}","templated":true}]}}