{"id":36978,"date":"2013-08-23T01:31:38","date_gmt":"2013-08-23T04:31:38","guid":{"rendered":"http:\/\/www.elsindical.com.ar\/notas\/?p=36978"},"modified":"2013-08-23T01:33:03","modified_gmt":"2013-08-23T04:33:03","slug":"efemeridesdel-dia-23-de-agosto-4","status":"publish","type":"post","link":"https:\/\/www.elsindical.com.ar\/notas\/efemeridesdel-dia-23-de-agosto-4\/","title":{"rendered":"EFEM\u00c9RIDES:DEL D\u00cdA 23 DE AGOSTO"},"content":{"rendered":"<p><a href=\"http:\/\/www.elsindical.com.ar\/notas\/var\/www\/html\/notas\/wp-content\/uploads\/2011\/12\/rey-Luis-XVI.jpg\"><img loading=\"lazy\" decoding=\"async\" class=\"alignnone size-full wp-image-19520\" alt=\"rey-Luis-XVI\" src=\"http:\/\/www.elsindical.com.ar\/notas\/var\/www\/html\/notas\/wp-content\/uploads\/2011\/12\/rey-Luis-XVI.jpg\" width=\"207\" height=\"250\" \/><\/a>En un 23 de agosto como hoy, pero en 1939, se firma en Mosc\u00fa el \u00abPacto Molotov-Ribbentrop\u00bb, el acuerdo germanosovi\u00e9tico de no agresi\u00f3n mutua y &#8216;zonas de influencia&#8217; en Europa del Este que una semana m\u00e1s tarde ser\u00eda el detonante de la Segunda Guerra Mundial.<\/p>\n<p>1367- Fallece Gil de Albornoz, cardenal y estadista espa\u00f1ol.<\/p>\n<p>1591- Fallece Fray Luis de Le\u00f3n, profesor, te\u00f3logo y poeta espa\u00f1ol.<\/p>\n<p>1754- Nace Luis XVI, rey de Francia ejecutado en la revoluci\u00f3n francesa.<\/p>\n<p>1769- Nace George Cuvier, naturalista franc\u00e9s.<\/p>\n<p>1845- Fallece Rafael Urdaneta, militar y diplom\u00e1tico venezolano.<\/p>\n<p>1862- Fallece Eduardo Acevedo, pol\u00edtico uruguayo.<\/p>\n<p>1866- Austria firma el Convenio de Praga que pone fin a la guerra con Prusia.<\/p>\n<p>1873- Atentado frustrado en Buenos Aires contra el presidente argentino Domingo Faustino Sarmiento.<\/p>\n<p>1903- Fallece Jos\u00e9 Sixto Alvarez, escritor y periodista argentino.<\/p>\n<p>1912- Nace Gene Kelly, bailar\u00edn, core\u00f3grafo, actor y cineasta estadounidense.<\/p>\n<p>1913- Una escultura en bronce de &#8216;La sirenita&#8217;, personaje de un cuento de H.C.Andersen, es colocada al borde del puerto de Copenhague y convertida en s\u00edmbolo de Dinamarca.<\/p>\n<p>1914- I Guerra Mundial. Jap\u00f3n declara la guerra a Alemania y se une al bando aliado.<\/p>\n<p>1921- El pr\u00edncipe Faisal es coronado rey de Irak tras serlo de Siria por corto tiempo.<\/p>\n<p>1926- Fallece Rodolfo Valentino, actor estadounidense de origen italiano.<\/p>\n<p>1930- David Salamanca es elegido presidente de Bolivia.<\/p>\n<p>1940- Bombardeo sin precedentes de bater\u00edas alemanas a un convoy brit\u00e1nico desde el canal de La Mancha.<\/p>\n<p>1944- II Guerra Mundial: Rumania declara la guerra a Alemania del lado aliado, y el rey Miguel nombra jefe de Gobierno a Constantin Sanatescu.<\/p>\n<p>1949- Fallece Domingo D\u00edaz Arosamena, pol\u00edtico paname\u00f1o.<\/p>\n<p>1955- Plusmarca de un avi\u00f3n de reacci\u00f3n brit\u00e1nico &#8216;Canberra PR-MK7&#8217; en viaje de ida y vuelta Londres-Nueva York en 14.21.45,4.<\/p>\n<p>1958- China Popular bombardea con artiller\u00eda costera la isla de Quemoy (Formosa) e inicia un bloqueo naval.<\/p>\n<p>1970- Nace River Phoenix, actor norteamericano.<\/p>\n<p>1978- Fallece \u00c1ngel Vassalo, fil\u00f3sofo argentino.<\/p>\n<p>1979- Amnist\u00eda en Brasil para 5.000 personas.<\/p>\n<p>1982- Un enfrentamiento entre guerrilleros de Sendero Luminoso y fuerzas de seguridad causa 22 muertos en Per\u00fa.<\/p>\n<p>&#8211; El l\u00edder de la milicia cristiana Bashir Gemayel es elegido por el Parlamento presidente del L\u00edbano.<\/p>\n<p>1984- Cient\u00edficos de EEUU hallan en Kenia restos de hom\u00ednidos datados en 18 millones de a\u00f1os.<\/p>\n<p>1988- Acuerdo de Brazzaville entre Sud\u00e1frica, Cuba y Angola para el alto el fuego en Angola y Namibia, que desembocar\u00e1 en los acuerdos de Nueva York (el 22 de diciembre).<\/p>\n<p>1989- Dos millones de letonios, estonios y lituanos forman una cadena humana o cadena b\u00e1ltica de 600 kms para exigir la independencia de sus tres rep\u00fablicas.<\/p>\n<p>1991- El presidente de la Federaci\u00f3n Rusa, Boris Yeltsin, firma el decreto de disoluci\u00f3n del Partido Comunista Sovi\u00e9tico (PCUS) e incautaci\u00f3n de sus bienes.<\/p>\n<p>&#8211; Fallece Germ\u00e1n Pardo Garc\u00eda, poeta colombiano.<\/p>\n<p>1995- Fallece Mar\u00eda de Monserrat Albareda, escritora y acad\u00e9mica uruguaya de origen cubano.<\/p>\n<p>1996- Acuerdos de Zaire y Ruanda para el regreso de m\u00e1s de un mill\u00f3n de refugiados de mayor\u00eda hutu desde 1994 en actual Congo.<\/p>\n<p>1999- El canciller alem\u00e1n Gerhard Schr\u00f6der traslada a Berl\u00edn la sede del Gobierno diez a\u00f1os despu\u00e9s de la reunificaci\u00f3n.<\/p>\n<p>2000- 143 personas mueren al estrellarse en aguas del Golfo P\u00e9rsico un Airbus A-320 de la compa\u00f1\u00eda Gulf Air.<\/p>\n<p>2004- Panam\u00e1 retira a su embajador en Cuba, Abraham B\u00e1rcenas, ante las amenazas del gobierno cubano de romper relaciones.<\/p>\n<p>&#8211; Comienza en Malabo el juicio contra 20 mercenarios acusados de intentar derrocar el r\u00e9gimen de Guinea Ecuatorial.<\/p>\n<p>2005- 40 personas mueren y 58 sobreviven al estrellarse en la selva peruana, cerca de Pucallpa, un avi\u00f3n Boeing 737-200 de la compa\u00f1\u00eda a\u00e9rea Tans.<\/p>\n<p>2006- La joven austr\u00edaca Natascha Kampusch, de 18 a\u00f1os, logra huir tras ocho a\u00f1os de secuestro por Wolfgang Priklopil cerca de G\u00e4nserndorf.<\/p>\n<p>2009- Muere el l\u00edder de los talibanes paquistan\u00edes, Baitula Mehsud, tras semanas en coma por un ataque con misiles estadounidenses.<\/p>\n","protected":false},"excerpt":{"rendered":"<p>En un 23 de agosto como hoy, pero en 1939, se firma en Mosc\u00fa el \u00abPacto Molotov-Ribbentrop\u00bb, el acuerdo germanosovi\u00e9tico de no agresi\u00f3n mutua y &#8216;zonas de influencia&#8217; en Europa del Este que una semana m\u00e1s tarde ser\u00eda el detonante de la Segunda Guerra Mundial. 1367- Fallece Gil de Albornoz, cardenal y estadista espa\u00f1ol. 1591-&hellip;<\/p>\n","protected":false},"author":1,"featured_media":0,"comment_status":"open","ping_status":"open","sticky":false,"template":"","format":"standard","meta":{"footnotes":""},"categories":[14],"tags":[],"class_list":["post-36978","post","type-post","status-publish","format-standard","hentry","category-efemerides"],"_links":{"self":[{"href":"https:\/\/www.elsindical.com.ar\/notas\/wp-json\/wp\/v2\/posts\/36978","targetHints":{"allow":["GET"]}}],"collection":[{"href":"https:\/\/www.elsindical.com.ar\/notas\/wp-json\/wp\/v2\/posts"}],"about":[{"href":"https:\/\/www.elsindical.com.ar\/notas\/wp-json\/wp\/v2\/types\/post"}],"author":[{"embeddable":true,"href":"https:\/\/www.elsindical.com.ar\/notas\/wp-json\/wp\/v2\/users\/1"}],"replies":[{"embeddable":true,"href":"https:\/\/www.elsindical.com.ar\/notas\/wp-json\/wp\/v2\/comments?post=36978"}],"version-history":[{"count":1,"href":"https:\/\/www.elsindical.com.ar\/notas\/wp-json\/wp\/v2\/posts\/36978\/revisions"}],"predecessor-version":[{"id":36979,"href":"https:\/\/www.elsindical.com.ar\/notas\/wp-json\/wp\/v2\/posts\/36978\/revisions\/36979"}],"wp:attachment":[{"href":"https:\/\/www.elsindical.com.ar\/notas\/wp-json\/wp\/v2\/media?parent=36978"}],"wp:term":[{"taxonomy":"category","embeddable":true,"href":"https:\/\/www.elsindical.com.ar\/notas\/wp-json\/wp\/v2\/categories?post=36978"},{"taxonomy":"post_tag","embeddable":true,"href":"https:\/\/www.elsindical.com.ar\/notas\/wp-json\/wp\/v2\/tags?post=36978"}],"curies":[{"name":"wp","href":"https:\/\/api.w.org\/{rel}","templated":true}]}}