{"id":36926,"date":"2013-08-20T17:11:28","date_gmt":"2013-08-20T20:11:28","guid":{"rendered":"http:\/\/www.elsindical.com.ar\/notas\/?p=36926"},"modified":"2013-08-20T17:11:28","modified_gmt":"2013-08-20T20:11:28","slug":"recalde-impulsa-un-proyecto-para-reducir-la-jornada-laboral-y-recuperar-el-empleo","status":"publish","type":"post","link":"https:\/\/www.elsindical.com.ar\/notas\/recalde-impulsa-un-proyecto-para-reducir-la-jornada-laboral-y-recuperar-el-empleo\/","title":{"rendered":"Recalde impulsa un proyecto para reducir la jornada laboral y recuperar el empleo"},"content":{"rendered":"<p><em><a href=\"http:\/\/www.elsindical.com.ar\/notas\/var\/www\/html\/notas\/wp-content\/uploads\/2009\/10\/H\u00e9ctor-Recalde.jpg\"><img loading=\"lazy\" decoding=\"async\" class=\"alignnone size-full wp-image-931\" alt=\"H\u00e9ctor-Recalde\" src=\"http:\/\/www.elsindical.com.ar\/notas\/var\/www\/html\/notas\/wp-content\/uploads\/2009\/10\/H\u00e9ctor-Recalde.jpg\" width=\"255\" height=\"142\" \/><\/a>El diputado nacional por el oficialismo busca bajarla de 48 a 45 horas, lo que, calcul\u00f3, pondr\u00eda a disposici\u00f3n 200 mil puestos de trabajo. La desocupaci\u00f3n alcanz\u00f3 el 7,2 por ciento en el segundo trimestre del a\u00f1o.<\/em><\/p>\n<p dir=\"ltr\">El diputado nacional por el kirchnerismo H\u00e9ctor Recalde asegur\u00f3 que si prospera su proyecto para reducir la jornada laboral, se beneficiar\u00e1n 200 mil personas que hoy no tienen trabajo.<\/p>\n<p dir=\"ltr\">La intenci\u00f3n del legislador es que la jornada de trabajo no exceda las \u00abocho horas diarias o cuarenta y cinco horas semanales\u00bb, tanto en el sector p\u00fablico como en el privado.<\/p>\n<p dir=\"ltr\">\u00abPongamos un ejemplo claro: hay dos trabajadores sobreocupados porque los hacen trabajar doce horas a cada uno. Esas 24 horas hay que dividirlas por tres, no por dos. Si nosotros reducimos la jornada de 48 a 45 horas podr\u00edamos redistribuir empleo con destino hacia 200 mil trabajadores que hoy no lo tienen\u00bb, explic\u00f3 el legislador en <i>Radio<\/i> <i>Continental. <\/i><\/p>\n<p dir=\"ltr\">\u00abEl objetivo es distribuir con m\u00e1s equidad el trabajo ya existente. En Brasil, durante la huelga general que hicieron los sindicatos, una de las especificaciones era la reducci\u00f3n de la jornada de trabajo de 44 horas a 40 horas. En mi proyecto trato de reducir la jornada de 48 horas a 45 horas. Bastante prudente\u00bb, enfatiz\u00f3.<\/p>\n<p dir=\"ltr\">La iniciativa de Recalde es apoyada por legisladores que se alejaron del oficialismo, como Facundo Moyano y Omar Plaini. El proyecto fue girado a las comisiones de Legislaci\u00f3n del Trabajo y de Familia, Mujer, Ni\u00f1ez y Adolescencia, ya que establece tambi\u00e9n los l\u00edmites de la jornada laboral para adolescentes de 16 a 18 a\u00f1os.<\/p>\n<p dir=\"ltr\">En tanto, desde la CTA oficialista confirmaron que estudian una propuesta similar a la de Recalde.<\/p>\n<p dir=\"ltr\">\u00abHay casi cinco millones de puestos de trabajo que se crearon, pero tenemos un 7 por ciento de desocupaci\u00f3n. Por eso, esta propuesta permitir\u00eda distribuir un bien escaso como es, por ejemplo, darle prioridad a la juventud, donde el \u00edndice de desocupaci\u00f3n duplica a otras franjas etarias del trabajo adulto\u00bb, se\u00f1al\u00f3 recientemente el titular de esa instituci\u00f3n, Hugo Yasky.<\/p>\n<p dir=\"ltr\">En este marco, el nivel de desocupaci\u00f3n lleg\u00f3 al 7,2 por ciento en el segundo trimestre de este a\u00f1o.<\/p>\n","protected":false},"excerpt":{"rendered":"<p>El diputado nacional por el oficialismo busca bajarla de 48 a 45 horas, lo que, calcul\u00f3, pondr\u00eda a disposici\u00f3n 200 mil puestos de trabajo. La desocupaci\u00f3n alcanz\u00f3 el 7,2 por ciento en el segundo trimestre del a\u00f1o. El diputado nacional por el kirchnerismo H\u00e9ctor Recalde asegur\u00f3 que si prospera su proyecto para reducir la jornada&hellip;<\/p>\n","protected":false},"author":1,"featured_media":0,"comment_status":"open","ping_status":"open","sticky":false,"template":"","format":"standard","meta":{"footnotes":""},"categories":[13],"tags":[95,3012,527,16823],"class_list":["post-36926","post","type-post","status-publish","format-standard","hentry","category-politica","tag-brasil","tag-diputado","tag-hector-recalde","tag-jornada-de-trabajo"],"_links":{"self":[{"href":"https:\/\/www.elsindical.com.ar\/notas\/wp-json\/wp\/v2\/posts\/36926","targetHints":{"allow":["GET"]}}],"collection":[{"href":"https:\/\/www.elsindical.com.ar\/notas\/wp-json\/wp\/v2\/posts"}],"about":[{"href":"https:\/\/www.elsindical.com.ar\/notas\/wp-json\/wp\/v2\/types\/post"}],"author":[{"embeddable":true,"href":"https:\/\/www.elsindical.com.ar\/notas\/wp-json\/wp\/v2\/users\/1"}],"replies":[{"embeddable":true,"href":"https:\/\/www.elsindical.com.ar\/notas\/wp-json\/wp\/v2\/comments?post=36926"}],"version-history":[{"count":1,"href":"https:\/\/www.elsindical.com.ar\/notas\/wp-json\/wp\/v2\/posts\/36926\/revisions"}],"predecessor-version":[{"id":36927,"href":"https:\/\/www.elsindical.com.ar\/notas\/wp-json\/wp\/v2\/posts\/36926\/revisions\/36927"}],"wp:attachment":[{"href":"https:\/\/www.elsindical.com.ar\/notas\/wp-json\/wp\/v2\/media?parent=36926"}],"wp:term":[{"taxonomy":"category","embeddable":true,"href":"https:\/\/www.elsindical.com.ar\/notas\/wp-json\/wp\/v2\/categories?post=36926"},{"taxonomy":"post_tag","embeddable":true,"href":"https:\/\/www.elsindical.com.ar\/notas\/wp-json\/wp\/v2\/tags?post=36926"}],"curies":[{"name":"wp","href":"https:\/\/api.w.org\/{rel}","templated":true}]}}