{"id":36901,"date":"2013-08-19T22:46:40","date_gmt":"2013-08-20T01:46:40","guid":{"rendered":"http:\/\/www.elsindical.com.ar\/notas\/?p=36901"},"modified":"2013-08-19T22:46:40","modified_gmt":"2013-08-20T01:46:40","slug":"el-sindical-radio-19-de-agosto-2013","status":"publish","type":"post","link":"https:\/\/www.elsindical.com.ar\/notas\/el-sindical-radio-19-de-agosto-2013\/","title":{"rendered":"El Sindical Radio 19 de agosto 2013"},"content":{"rendered":"<p><a href=\"http:\/\/www.elsindical.com.ar\/notas\/var\/www\/html\/notas\/wp-content\/uploads\/2012\/06\/RadiosOnlineFM.jpg\"><img loading=\"lazy\" decoding=\"async\" class=\"alignnone size-medium wp-image-25011\" alt=\"RadiosOnlineFM\" src=\"http:\/\/www.elsindical.com.ar\/notas\/var\/www\/html\/notas\/wp-content\/uploads\/2012\/06\/RadiosOnlineFM-300x250.jpg\" width=\"300\" height=\"250\" srcset=\"https:\/\/www.elsindical.com.ar\/notas\/var\/www\/html\/notas\/wp-content\/uploads\/2012\/06\/RadiosOnlineFM-300x250.jpg 300w, https:\/\/www.elsindical.com.ar\/notas\/var\/www\/html\/notas\/wp-content\/uploads\/2012\/06\/RadiosOnlineFM.jpg 500w\" sizes=\"auto, (max-width: 300px) 100vw, 300px\" \/><\/a>Programa emitido el d\u00eda lunes 19 de agosto del 2013, por FM Boedo, 88.1, www.fmboedo.com.ar con la conducci\u00f3n\u00a0de Valeria Carreras y Marcelo Ricardo Hawrylciw.<\/p>\n<p>Recordamos a Sandro en un nuevo aniversario del Gitano.<\/p>\n<p>Hicimos referencia al feriado por el fallecimiento del Gral. San Mart\u00edn y recordamos su gesta hist\u00f3rica y su condici\u00f3n de patriota.<\/p>\n<p>Nos referimos a la espera de respuesta de parte del Municipio de Avellaneda, respecto de la falta de controles de las agencias de remis y los veh\u00edculos que en ellas se utilizan para trabajar. Seguimos investigando sobre los comedores truchos y el aprovechamiento de la solidaridad en beneficio propio.<\/p>\n<p>Analizamos y debatimos nuevamente el caso \u00c1ngeles Rawson.<\/p>\n<p>Terminamos debatiendo la corrupci\u00f3n y recordando la actuaci\u00f3n de algunos Jefes policiales en resonantes casos.<\/p>\n<p><iframe loading=\"lazy\" src=\"http:\/\/www.ivoox.com\/player_ej_2294354_1.html\" height=\"120\" width=\"100%\" allowfullscreen=\"\" frameborder=\"0\" scrolling=\"no\"><\/iframe><\/p>\n","protected":false},"excerpt":{"rendered":"<p>Programa emitido el d\u00eda lunes 19 de agosto del 2013, por FM Boedo, 88.1, www.fmboedo.com.ar con la conducci\u00f3n\u00a0de Valeria Carreras y Marcelo Ricardo Hawrylciw. Recordamos a Sandro en un nuevo aniversario del Gitano. Hicimos referencia al feriado por el fallecimiento del Gral. San Mart\u00edn y recordamos su gesta hist\u00f3rica y su condici\u00f3n de patriota. Nos&hellip;<\/p>\n","protected":false},"author":1,"featured_media":0,"comment_status":"open","ping_status":"open","sticky":false,"template":"","format":"standard","meta":{"footnotes":""},"categories":[11826],"tags":[16388,461,6106,22034,11827,3677,820,1001,4758],"class_list":["post-36901","post","type-post","status-publish","format-standard","hentry","category-el-sindical-radio","tag-angeles-rawson","tag-avellaneda","tag-comedores","tag-el-sindical-radio","tag-fm-boedo","tag-remis","tag-san-martin","tag-sandro","tag-solidaridad-2"],"_links":{"self":[{"href":"https:\/\/www.elsindical.com.ar\/notas\/wp-json\/wp\/v2\/posts\/36901","targetHints":{"allow":["GET"]}}],"collection":[{"href":"https:\/\/www.elsindical.com.ar\/notas\/wp-json\/wp\/v2\/posts"}],"about":[{"href":"https:\/\/www.elsindical.com.ar\/notas\/wp-json\/wp\/v2\/types\/post"}],"author":[{"embeddable":true,"href":"https:\/\/www.elsindical.com.ar\/notas\/wp-json\/wp\/v2\/users\/1"}],"replies":[{"embeddable":true,"href":"https:\/\/www.elsindical.com.ar\/notas\/wp-json\/wp\/v2\/comments?post=36901"}],"version-history":[{"count":1,"href":"https:\/\/www.elsindical.com.ar\/notas\/wp-json\/wp\/v2\/posts\/36901\/revisions"}],"predecessor-version":[{"id":36902,"href":"https:\/\/www.elsindical.com.ar\/notas\/wp-json\/wp\/v2\/posts\/36901\/revisions\/36902"}],"wp:attachment":[{"href":"https:\/\/www.elsindical.com.ar\/notas\/wp-json\/wp\/v2\/media?parent=36901"}],"wp:term":[{"taxonomy":"category","embeddable":true,"href":"https:\/\/www.elsindical.com.ar\/notas\/wp-json\/wp\/v2\/categories?post=36901"},{"taxonomy":"post_tag","embeddable":true,"href":"https:\/\/www.elsindical.com.ar\/notas\/wp-json\/wp\/v2\/tags?post=36901"}],"curies":[{"name":"wp","href":"https:\/\/api.w.org\/{rel}","templated":true}]}}