{"id":36852,"date":"2013-08-17T11:05:36","date_gmt":"2013-08-17T14:05:36","guid":{"rendered":"http:\/\/www.elsindical.com.ar\/notas\/?p=36852"},"modified":"2013-08-17T11:05:36","modified_gmt":"2013-08-17T14:05:36","slug":"la-solidaridad-y-el-oportunismo","status":"publish","type":"post","link":"https:\/\/www.elsindical.com.ar\/notas\/la-solidaridad-y-el-oportunismo\/","title":{"rendered":"La solidaridad y el oportunismo"},"content":{"rendered":"<p><a href=\"http:\/\/www.elsindical.com.ar\/notas\/var\/www\/html\/notas\/wp-content\/uploads\/2013\/08\/que-entendemos-por-solidaridad.jpg\"><img loading=\"lazy\" decoding=\"async\" class=\"alignnone size-medium wp-image-36853\" alt=\"que-entendemos-por-solidaridad\" src=\"http:\/\/www.elsindical.com.ar\/notas\/var\/www\/html\/notas\/wp-content\/uploads\/2013\/08\/que-entendemos-por-solidaridad-300x175.jpg\" width=\"300\" height=\"175\" srcset=\"https:\/\/www.elsindical.com.ar\/notas\/var\/www\/html\/notas\/wp-content\/uploads\/2013\/08\/que-entendemos-por-solidaridad-300x175.jpg 300w, https:\/\/www.elsindical.com.ar\/notas\/var\/www\/html\/notas\/wp-content\/uploads\/2013\/08\/que-entendemos-por-solidaridad-500x291.jpg 500w, https:\/\/www.elsindical.com.ar\/notas\/var\/www\/html\/notas\/wp-content\/uploads\/2013\/08\/que-entendemos-por-solidaridad.jpg 502w\" sizes=\"auto, (max-width: 300px) 100vw, 300px\" \/><\/a><em>Desde El Sindical, hemos venido desarrollando durante muchos a\u00f1os, campa\u00f1as de difusi\u00f3n solidarias, esto nos ha permitido conocer no solo la realidad de muchos barrios, sino de muchos necesitados, de ni\u00f1os, adolescentes y hasta familias que viven con cierta dignidad gracias a la solidaridad, tambi\u00e9n hemos podido ver que la solidaridad es aprovechada por muchos que se terminan beneficiando primero ellos y que solidaridad y clientelismo en \u00e9pocas de elecciones van muy de la mano.<\/em><\/p>\n<p>Al destacable trabajo que realizan algunos, otros lo empe\u00f1an con la ayuda de pol\u00edticos corruptos, que fomentan el crecimiento de \u00abpunteros\u00bb facilit\u00e1ndoles donaciones o alimentos que muchas veces terminan en las g\u00f3ndolas de alg\u00fan negocio local, o que terminan llegando a manos de quienes no lo necesitan.<\/p>\n<p>Hace ya unos meses, este medio, le solicito al Subsecretario de Desarrollo Humano del municipio de Avellaneda, Pedro De Vincenti, que informara los motivos por los cuales algunos comedores de Avellaneda, que funcionan en casas usurpadas recib\u00edan asistencia con alimentos y materiales, que se entregan sin ning\u00fan tipo de control\u00a0a conocidos o amigos de quienes manejan estos lugares, el funcionario prometi\u00f3 investigar, ya que la consulta adem\u00e1s ten\u00eda como referencia denuncias de mujeres que acusaban al municipio de financiar, dar protecci\u00f3n y asistencia a delincuentes que utilizan los comedores como pantalla de sus verdaderas actividades, y que esto era posible por la falta de controles.<\/p>\n<p>Algunas de estas denuncias incluso constan en causas judiciales iniciadas por las denunciantes, pero no han avanzado en cuanto a investigar puntualmente si esos lugares reciben o no asistencia municipal, de parte de quien la reciben y en que condiciones, estos dichos terminan formando parte de expedientes en los que no se suele extraer testimonios y dar intervenci\u00f3n a otra fiscal\u00eda para que investigue.<\/p>\n<p>Con el adverso resultado en las elecciones primarias, parece que lejos de asumir errores, el municipio de Avellaneda, con el intendente Jorge Ferraresi a la cabeza, apuestan fuerte a lo que se puede denominar \u00abpan y circo\u00bb, as\u00ed con la llegada del d\u00eda del ni\u00f1o, distintas organizaciones han tirado la casa por la ventana y hay festejos como nunca antes en el municipio. Para algunos en su ingenuidad, se le da a la gente un momento de esparcimiento, lo que muchos desconocen que muchos de estos actos \u00absolidarios\u00bb de inclusi\u00f3n e igualdad como nos quieren hacer creer, esconden un negocio, donde las empresas que participan, tienen v\u00ednculos con funcionarios municipales, que terminan m\u00e1s contentos que los vecinos que concurren a estas nuevas celebraciones.<\/p>\n<p>Sabemos que muchos vecinos est\u00e1n en contra de la manipulaci\u00f3n, del clientelismo y el negocio de algunos oportunistas que lucran con la necesidad ajena, por eso los invitamos a sumarse a nuestra investigaci\u00f3n period\u00edstica sobre los comedores, las ferias sociales y todo eso que se \u00abmaquilla\u00bb como en beneficio de los que menos tienen, pero que en realidad termina siendo un negocio de unos pocos en perjuicio de muchos.<\/p>\n<p>Si conoces un comedor que funciona en una propiedad usurpada, un lugar donde nadie controla la entrega de alimentos o materiales, si sabes de organizaciones pol\u00edticas que solo aparecen para vender alimentos a supuestos precios comunitarios, pero no entregan facturas por lo que venden, escribimos, estamos esperando la respuesta del funcionario Pedro De Vincenti y se solicitaremos a los concejales que les interesan los vecinos que soliciten un pedido de informes sobre este tema, la solidaridad no puede ser ni una caja pol\u00edtica ni el recurso de oportunistas para hacer pol\u00edtica con la necesidad de los que menos tienen.<\/p>\n<p>Nuestros correos electr\u00f3nicos para comunicarte son <a href=\"mailto:info@elsindical.com.ar\">info@elsindical.com.ar<\/a> <a href=\"mailto:editor@elsindical.com.ar\">editor@elsindical.com.ar<\/a> o podes enviar un SMS al 155-751-5784<\/p>\n<p><iframe loading=\"lazy\" src=\"\/\/www.youtube.com\/embed\/JbVhPoYIs4I\" height=\"420\" width=\"580\" allowfullscreen=\"\" frameborder=\"0\"><\/iframe><\/p>\n","protected":false},"excerpt":{"rendered":"<p>Desde El Sindical, hemos venido desarrollando durante muchos a\u00f1os, campa\u00f1as de difusi\u00f3n solidarias, esto nos ha permitido conocer no solo la realidad de muchos barrios, sino de muchos necesitados, de ni\u00f1os, adolescentes y hasta familias que viven con cierta dignidad gracias a la solidaridad, tambi\u00e9n hemos podido ver que la solidaridad es aprovechada por muchos&hellip;<\/p>\n","protected":false},"author":1,"featured_media":0,"comment_status":"open","ping_status":"open","sticky":false,"template":"","format":"standard","meta":{"footnotes":""},"categories":[12],"tags":[1118,6106,22020,6999,16804,15604,4758],"class_list":["post-36852","post","type-post","status-publish","format-standard","hentry","category-investigacion","tag-alimentos","tag-comedores","tag-denuncias","tag-materiales","tag-necesidad","tag-pedro-de-vincenti","tag-solidaridad-2"],"_links":{"self":[{"href":"https:\/\/www.elsindical.com.ar\/notas\/wp-json\/wp\/v2\/posts\/36852","targetHints":{"allow":["GET"]}}],"collection":[{"href":"https:\/\/www.elsindical.com.ar\/notas\/wp-json\/wp\/v2\/posts"}],"about":[{"href":"https:\/\/www.elsindical.com.ar\/notas\/wp-json\/wp\/v2\/types\/post"}],"author":[{"embeddable":true,"href":"https:\/\/www.elsindical.com.ar\/notas\/wp-json\/wp\/v2\/users\/1"}],"replies":[{"embeddable":true,"href":"https:\/\/www.elsindical.com.ar\/notas\/wp-json\/wp\/v2\/comments?post=36852"}],"version-history":[{"count":1,"href":"https:\/\/www.elsindical.com.ar\/notas\/wp-json\/wp\/v2\/posts\/36852\/revisions"}],"predecessor-version":[{"id":36854,"href":"https:\/\/www.elsindical.com.ar\/notas\/wp-json\/wp\/v2\/posts\/36852\/revisions\/36854"}],"wp:attachment":[{"href":"https:\/\/www.elsindical.com.ar\/notas\/wp-json\/wp\/v2\/media?parent=36852"}],"wp:term":[{"taxonomy":"category","embeddable":true,"href":"https:\/\/www.elsindical.com.ar\/notas\/wp-json\/wp\/v2\/categories?post=36852"},{"taxonomy":"post_tag","embeddable":true,"href":"https:\/\/www.elsindical.com.ar\/notas\/wp-json\/wp\/v2\/tags?post=36852"}],"curies":[{"name":"wp","href":"https:\/\/api.w.org\/{rel}","templated":true}]}}