{"id":36843,"date":"2013-08-16T20:08:39","date_gmt":"2013-08-16T23:08:39","guid":{"rendered":"http:\/\/www.elsindical.com.ar\/notas\/?p=36843"},"modified":"2013-08-16T20:24:23","modified_gmt":"2013-08-16T23:24:23","slug":"avellaneda-con-el-peor-porcentaje-de-votos-en-las-elecciones-primarias","status":"publish","type":"post","link":"https:\/\/www.elsindical.com.ar\/notas\/avellaneda-con-el-peor-porcentaje-de-votos-en-las-elecciones-primarias\/","title":{"rendered":"Avellaneda con el peor porcentaje de votos en las elecciones primarias"},"content":{"rendered":"<p><a href=\"http:\/\/www.elsindical.com.ar\/notas\/var\/www\/html\/notas\/wp-content\/uploads\/2013\/08\/porcentaje-elecciones-primarias-2013.jpg\"><img loading=\"lazy\" decoding=\"async\" class=\"alignnone size-medium wp-image-36844\" alt=\"porcentaje-elecciones-primarias-2013\" src=\"http:\/\/www.elsindical.com.ar\/notas\/var\/www\/html\/notas\/wp-content\/uploads\/2013\/08\/porcentaje-elecciones-primarias-2013-300x264.jpg\" width=\"300\" height=\"264\" srcset=\"https:\/\/www.elsindical.com.ar\/notas\/var\/www\/html\/notas\/wp-content\/uploads\/2013\/08\/porcentaje-elecciones-primarias-2013-300x264.jpg 300w, https:\/\/www.elsindical.com.ar\/notas\/var\/www\/html\/notas\/wp-content\/uploads\/2013\/08\/porcentaje-elecciones-primarias-2013-339x300.jpg 339w, https:\/\/www.elsindical.com.ar\/notas\/var\/www\/html\/notas\/wp-content\/uploads\/2013\/08\/porcentaje-elecciones-primarias-2013.jpg 502w\" sizes=\"auto, (max-width: 300px) 100vw, 300px\" \/><\/a>Ya con las cifras oficiales, es muy claro que el trabajo que viene realizando el intendente de Avellaneda, el Ing. Jorge Ferraresi, es desaprobado por la mayor cantidad de vecinos que concurrieron a votar en las elecciones primarias del 11 de agosto del 2013.<\/p>\n<p>A pesar de los anuncios del intendente que se fueron reproduciendo por parte de los medios que poseen pauta oficial y que han venido desinformando a los vecinos destacando algunos hechos y omitiendo reclamos, quejas y denuncias. Las cifras oficiales, ubican al municipio de Avellaneda, como el que peor resultados para el FpV ha obtenido.<\/p>\n<p>En comparaci\u00f3n con el 2011, se han perdido una importante cantidad de votos, y seg\u00fan fuentes consultadas por El Sindical, lo ocurrido ha generado malestar en varias de las esferas del oficialismo, m\u00e1xime si se tiene en cuenta que el municipio ha recibido fuertes partidas en millones de pesos para inversiones, que se apost\u00f3 de manera fuerte a una presencia relevante de agrupaciones kirchneristas como La C\u00e1mpora, La Evita Per\u00f3n, Kolina, Jota entre otras.<\/p>\n<p>Un vecino Gustavo Robles se pregunta en las redes sociales:<\/p>\n<div id=\"id_520ea5bb381db0206462961\"><em>\u00abJorgito, perdiste 25 puntos desde la \u00faltima elecci\u00f3n&#8230; \u00bfSer\u00e1 por tu entrega de los terrenos del CEAMSE a Techint? \u00bfSer\u00e1 por Inspectorate, un laboratorio qu\u00edmico en un barrio donde pone en riesgo la salud de los vecinos? \u00bfSer\u00e1 por los impuestos exhorbitantes? \u00bfSer\u00e1 por la pol\u00edtica FASCISTA de tapar las paredes a la expresi\u00f3n de los que se te oponen? \u00bfSer\u00e1 por apa\u00f1ar y fomentar a las patotas y\u00a0 barras bravas? \u00bfSer\u00e1 por bajarle plata de TODOS a los fachitos de la C\u00e1mpora? \u00bfSer\u00e1 porque te pens\u00e1s que todo tiene precio y que todos somos comprables?.<\/em><\/div>\n<div><\/div>\n<div>La ceguera pol\u00edtica de quienes acompa\u00f1an al intendente terminar\u00e1 generando una p\u00e9rdida mayor de votos para octubre, la inseguridad, la distancia con los vecinos que trabajan, que no tienen hoy la posibilidad de disfrutar tranquilamente de una plaza, que viven con miedo, el avance de la droga en los barrios, el descontrol de los delincuentes adolescentes que desatan su violencia sin sentido, que lastiman, que matan. La equivocada designaci\u00f3n y permanencia de funcionarios que no saben nada de lo que es seguridad, mucho menos c\u00f3mo se maneja la calle. Las pol\u00edticas de falsa inclusi\u00f3n que solo benefician a aquellos que pudiendo y estando en condiciones de trabajar aprovechan los puestos que regalan punteros pol\u00edticos y as\u00ed dejan afuera a vecinos que pueden aportar y mucho por el municipio, las fiestas siempre tienen un final.<\/div>\n<div><\/div>\n<div><a href=\"http:\/\/www.elsindical.com.ar\/notas\/var\/www\/html\/notas\/wp-content\/uploads\/2013\/08\/porcentaje-elecciones-primarias-2013-concejales-y-diputados-.jpg\"><img loading=\"lazy\" decoding=\"async\" class=\"alignnone size-medium wp-image-36845\" alt=\"porcentaje-elecciones-primarias-2013-concejales-y-diputados-\" src=\"http:\/\/www.elsindical.com.ar\/notas\/var\/www\/html\/notas\/wp-content\/uploads\/2013\/08\/porcentaje-elecciones-primarias-2013-concejales-y-diputados--300x278.jpg\" width=\"300\" height=\"278\" srcset=\"https:\/\/www.elsindical.com.ar\/notas\/var\/www\/html\/notas\/wp-content\/uploads\/2013\/08\/porcentaje-elecciones-primarias-2013-concejales-y-diputados--300x278.jpg 300w, https:\/\/www.elsindical.com.ar\/notas\/var\/www\/html\/notas\/wp-content\/uploads\/2013\/08\/porcentaje-elecciones-primarias-2013-concejales-y-diputados--323x300.jpg 323w, https:\/\/www.elsindical.com.ar\/notas\/var\/www\/html\/notas\/wp-content\/uploads\/2013\/08\/porcentaje-elecciones-primarias-2013-concejales-y-diputados-.jpg 443w\" sizes=\"auto, (max-width: 300px) 100vw, 300px\" \/><\/a><\/div>\n<div><\/div>\n<div><\/div>\n<div><\/div>\n<div><\/div>\n<p>&nbsp;<\/p>\n","protected":false},"excerpt":{"rendered":"<p>Ya con las cifras oficiales, es muy claro que el trabajo que viene realizando el intendente de Avellaneda, el Ing. Jorge Ferraresi, es desaprobado por la mayor cantidad de vecinos que concurrieron a votar en las elecciones primarias del 11 de agosto del 2013. A pesar de los anuncios del intendente que se fueron reproduciendo&hellip;<\/p>\n","protected":false},"author":1,"featured_media":0,"comment_status":"open","ping_status":"open","sticky":false,"template":"","format":"standard","meta":{"footnotes":""},"categories":[1,13],"tags":[461,244,1130,6275,16802,16801,7669,7782,618],"class_list":["post-36843","post","type-post","status-publish","format-standard","hentry","category-destacadas","category-politica","tag-avellaneda","tag-elecciones","tag-fpv","tag-intendente-jorge-ferraresi","tag-jota","tag-kolina","tag-la-campora","tag-primarias","tag-votaciones"],"_links":{"self":[{"href":"https:\/\/www.elsindical.com.ar\/notas\/wp-json\/wp\/v2\/posts\/36843","targetHints":{"allow":["GET"]}}],"collection":[{"href":"https:\/\/www.elsindical.com.ar\/notas\/wp-json\/wp\/v2\/posts"}],"about":[{"href":"https:\/\/www.elsindical.com.ar\/notas\/wp-json\/wp\/v2\/types\/post"}],"author":[{"embeddable":true,"href":"https:\/\/www.elsindical.com.ar\/notas\/wp-json\/wp\/v2\/users\/1"}],"replies":[{"embeddable":true,"href":"https:\/\/www.elsindical.com.ar\/notas\/wp-json\/wp\/v2\/comments?post=36843"}],"version-history":[{"count":1,"href":"https:\/\/www.elsindical.com.ar\/notas\/wp-json\/wp\/v2\/posts\/36843\/revisions"}],"predecessor-version":[{"id":36846,"href":"https:\/\/www.elsindical.com.ar\/notas\/wp-json\/wp\/v2\/posts\/36843\/revisions\/36846"}],"wp:attachment":[{"href":"https:\/\/www.elsindical.com.ar\/notas\/wp-json\/wp\/v2\/media?parent=36843"}],"wp:term":[{"taxonomy":"category","embeddable":true,"href":"https:\/\/www.elsindical.com.ar\/notas\/wp-json\/wp\/v2\/categories?post=36843"},{"taxonomy":"post_tag","embeddable":true,"href":"https:\/\/www.elsindical.com.ar\/notas\/wp-json\/wp\/v2\/tags?post=36843"}],"curies":[{"name":"wp","href":"https:\/\/api.w.org\/{rel}","templated":true}]}}