{"id":36824,"date":"2013-08-16T10:16:34","date_gmt":"2013-08-16T13:16:34","guid":{"rendered":"http:\/\/www.elsindical.com.ar\/notas\/?p=36824"},"modified":"2013-08-16T10:16:34","modified_gmt":"2013-08-16T13:16:34","slug":"por-incidentes-con-pasajeros-debio-intervenir-la-policia-metropolitana-en-la-linea-b-de-subtes","status":"publish","type":"post","link":"https:\/\/www.elsindical.com.ar\/notas\/por-incidentes-con-pasajeros-debio-intervenir-la-policia-metropolitana-en-la-linea-b-de-subtes\/","title":{"rendered":"Por incidentes con pasajeros debi\u00f3 intervenir la Polic\u00eda Metropolitana en la l\u00ednea B de subtes"},"content":{"rendered":"<div>\n<p><em><a href=\"http:\/\/www.elsindical.com.ar\/notas\/var\/www\/html\/notas\/wp-content\/uploads\/2013\/08\/Metropolitana-en-la-l\u00ednea-B.jpg\"><img loading=\"lazy\" decoding=\"async\" class=\"alignnone size-medium wp-image-36826\" alt=\"Metropolitana-en-la-l\u00ednea-B\" src=\"http:\/\/www.elsindical.com.ar\/notas\/var\/www\/html\/notas\/wp-content\/uploads\/2013\/08\/Metropolitana-en-la-l\u00ednea-B-300x225.jpg\" width=\"300\" height=\"225\" srcset=\"https:\/\/www.elsindical.com.ar\/notas\/var\/www\/html\/notas\/wp-content\/uploads\/2013\/08\/Metropolitana-en-la-l\u00ednea-B-300x225.jpg 300w, https:\/\/www.elsindical.com.ar\/notas\/var\/www\/html\/notas\/wp-content\/uploads\/2013\/08\/Metropolitana-en-la-l\u00ednea-B-399x300.jpg 399w, https:\/\/www.elsindical.com.ar\/notas\/var\/www\/html\/notas\/wp-content\/uploads\/2013\/08\/Metropolitana-en-la-l\u00ednea-B.jpg 531w\" sizes=\"auto, (max-width: 300px) 100vw, 300px\" \/><\/a>Ocurri\u00f3 en la nueva estaci\u00f3n Rosas de la l\u00ednea B. La empresa les pidi\u00f3 a los pasajeros que dejen un tren luego de 15 minutos de espera. Las personas reaccionaron violentamente y debi\u00f3 intervenir la polic\u00eda. El servicio ya se normaliz\u00f3.<\/em><\/p>\n<p>Las nuevas estaciones de subte de la l\u00ednea B no tienen paz. Cuando parec\u00eda que los conflictos hab\u00edan quedado atr\u00e1s, esta ma\u00f1ana una inusual falla alter\u00f3 la tranquilidad de los pasajeros que esperaban partir para iniciar su d\u00eda.<\/p>\n<p>De acuerdo al relato de los testigos, cerca de las 08:20 personal de la empresa Metrov\u00edas inform\u00f3 que la formaci\u00f3n que estaba detenida en la estaci\u00f3n no iba a realizar el recorrido habitual. Minutos m\u00e1s tarde, los pasajeros fueron obligados a dejar la terminal,<strong> la cual fue cercada por un gran operativo policial<\/strong>.<\/p>\n<p><strong>Luc\u00eda Guinzo<\/strong>, vocera de la empresa Metrov\u00edas, inform\u00f3 que la concesionaria decidi\u00f3 suspender el servicio de una formaci\u00f3n porque se corrobor\u00f3 que \u00abse hab\u00eda quedado sin tracci\u00f3n\u00bb. \u00abMinutos despu\u00e9s la l\u00ednea qued\u00f3 normalizada\u00bb, indic\u00f3.<\/p>\n<p>En las redes sociales hay varios testimonios que indican que muchos pasajeros reaccionaron violentamente y causaron algunos destrozos menores cuando fueron obligados a desalojar la estaci\u00f3n, ubicada en la intersecci\u00f3n de Triunvirato y Roosevelt, en el barrio porte\u00f1o de Villa Urquiza.<\/p>\n<p>Uno de los pasajeros afectados, declar\u00f3 en radio<em> La Red<\/em>: \u00abEstuvimos 20 minutos sentados adentro del subte, esperando que salga y de golpe nos sacaron a todos de la formaci\u00f3n sin explicaciones y nos pidieron que dejemos la estaci\u00f3n\u00bb. \u00ab<strong>Hubo personas que empezaron a romper todo<\/strong>\u00ab, relat\u00f3.<\/p>\n<p><strong>Algunos pasajeros empezaron a golpear una m\u00e1quina del sistema SUBE y llegaron a volcarla horizontalmente.\u00a0<\/strong><\/p>\n<p>La estaci\u00f3n Rosas funcion\u00f3 ayer con horario normal por primera vez desde su inauguraci\u00f3n tras un prolongado conflicto gremial. Durante una maniobra en una de las cocheras, dos vagones saltaron de las v\u00edas pero el inconveniente fue r\u00e1pidamente subsanado.<\/p>\n<p>Esta nueva cabecera y la terminal Echeverr\u00eda eran esperadas por los vecinos de Villa Urquiza y los usuarios del Ferrocarril Mitre desde hace varios a\u00f1os, cuando se hab\u00edan realizado las obras. Finalmente la inauguraci\u00f3n se realiz\u00f3 hace un mes y desde ayer puede utilizarse a horario completo.<\/p>\n<\/div>\n","protected":false},"excerpt":{"rendered":"<p>Ocurri\u00f3 en la nueva estaci\u00f3n Rosas de la l\u00ednea B. La empresa les pidi\u00f3 a los pasajeros que dejen un tren luego de 15 minutos de espera. Las personas reaccionaron violentamente y debi\u00f3 intervenir la polic\u00eda. El servicio ya se normaliz\u00f3. Las nuevas estaciones de subte de la l\u00ednea B no tienen paz. Cuando parec\u00eda&hellip;<\/p>\n","protected":false},"author":1,"featured_media":0,"comment_status":"open","ping_status":"open","sticky":false,"template":"","format":"standard","meta":{"footnotes":""},"categories":[22],"tags":[4912,350,402,964,4242],"class_list":["post-36824","post","type-post","status-publish","format-standard","hentry","category-policiales","tag-linea-b","tag-metrovias","tag-pasajeros","tag-policia-metropolitana","tag-subtes"],"_links":{"self":[{"href":"https:\/\/www.elsindical.com.ar\/notas\/wp-json\/wp\/v2\/posts\/36824","targetHints":{"allow":["GET"]}}],"collection":[{"href":"https:\/\/www.elsindical.com.ar\/notas\/wp-json\/wp\/v2\/posts"}],"about":[{"href":"https:\/\/www.elsindical.com.ar\/notas\/wp-json\/wp\/v2\/types\/post"}],"author":[{"embeddable":true,"href":"https:\/\/www.elsindical.com.ar\/notas\/wp-json\/wp\/v2\/users\/1"}],"replies":[{"embeddable":true,"href":"https:\/\/www.elsindical.com.ar\/notas\/wp-json\/wp\/v2\/comments?post=36824"}],"version-history":[{"count":2,"href":"https:\/\/www.elsindical.com.ar\/notas\/wp-json\/wp\/v2\/posts\/36824\/revisions"}],"predecessor-version":[{"id":36827,"href":"https:\/\/www.elsindical.com.ar\/notas\/wp-json\/wp\/v2\/posts\/36824\/revisions\/36827"}],"wp:attachment":[{"href":"https:\/\/www.elsindical.com.ar\/notas\/wp-json\/wp\/v2\/media?parent=36824"}],"wp:term":[{"taxonomy":"category","embeddable":true,"href":"https:\/\/www.elsindical.com.ar\/notas\/wp-json\/wp\/v2\/categories?post=36824"},{"taxonomy":"post_tag","embeddable":true,"href":"https:\/\/www.elsindical.com.ar\/notas\/wp-json\/wp\/v2\/tags?post=36824"}],"curies":[{"name":"wp","href":"https:\/\/api.w.org\/{rel}","templated":true}]}}