{"id":36793,"date":"2013-08-14T20:51:39","date_gmt":"2013-08-14T23:51:39","guid":{"rendered":"http:\/\/www.elsindical.com.ar\/notas\/?p=36793"},"modified":"2013-08-14T20:53:49","modified_gmt":"2013-08-14T23:53:49","slug":"avellanedavideo-de-un-chico-golpeado-en-un-colegio-de-wilde-estremece-las-redes-sociales","status":"publish","type":"post","link":"https:\/\/www.elsindical.com.ar\/notas\/avellanedavideo-de-un-chico-golpeado-en-un-colegio-de-wilde-estremece-las-redes-sociales\/","title":{"rendered":"Avellaneda:Video de un chico golpeado en un colegio de Wilde estremece las redes sociales"},"content":{"rendered":"<p><em><a href=\"http:\/\/www.elsindical.com.ar\/notas\/var\/www\/html\/notas\/wp-content\/uploads\/2013\/08\/escuela-23-de-Wilde-ubicaci\u00f3n.jpg\"><img loading=\"lazy\" decoding=\"async\" class=\"alignnone size-medium wp-image-36794\" alt=\"escuela-23-de-Wilde-ubicaci\u00f3n\" src=\"http:\/\/www.elsindical.com.ar\/notas\/var\/www\/html\/notas\/wp-content\/uploads\/2013\/08\/escuela-23-de-Wilde-ubicaci\u00f3n-300x259.jpg\" width=\"300\" height=\"259\" srcset=\"https:\/\/www.elsindical.com.ar\/notas\/var\/www\/html\/notas\/wp-content\/uploads\/2013\/08\/escuela-23-de-Wilde-ubicaci\u00f3n-300x259.jpg 300w, https:\/\/www.elsindical.com.ar\/notas\/var\/www\/html\/notas\/wp-content\/uploads\/2013\/08\/escuela-23-de-Wilde-ubicaci\u00f3n-347x300.jpg 347w, https:\/\/www.elsindical.com.ar\/notas\/var\/www\/html\/notas\/wp-content\/uploads\/2013\/08\/escuela-23-de-Wilde-ubicaci\u00f3n.jpg 502w\" sizes=\"auto, (max-width: 300px) 100vw, 300px\" \/><\/a>Un alumno de una escuela de Wilde es ferozmente golpeado por sus compa\u00f1eros de clase. Al chico lo tienen de punto porque padece un retraso madurativo. Su mam\u00e1 realiz\u00f3 varias denuncias ante las autoridades del colegio, pero nadie hace nada.\u00a0Este grave hecho no es un caso aislado de falta de acciones por parte de las autoridades tanto del Consejo Escolar local, como tambi\u00e9n de la Inspecci\u00f3n dependiente de la provincia de Buenos Aires, se han registrado graves hechos que tienen como v\u00edctimas a alumnos menores de edad, sin una debida intervenci\u00f3n estatal.<\/em><\/p>\n<p>Para <b>Agust\u00edn <\/b>ir a la Escuela B\u00e1sica N\u00ba 23 de Wilde, ubicada en la calle Bah\u00eda Blanca entre Ram\u00f3n Franco y Soreda, se convirti\u00f3 en una pesadilla.\u00a0El joven, que tiene un retraso de entendimiento y madurativo, es acosado constantemente por sus compa\u00f1eros, quienes se burlan de su discapacidad y le pegan para \u00abentretenerse\u00bb.<\/p>\n<p>Un video que se encuentra en las redes sociales, en el cu\u00e1l se puede ver el ataque cobarde de sus compa\u00f1eros y compa\u00f1eras de aula. El chico recibe a diario trompadas, patadas y empujones, ante la indiferencia de profesores y directivos, c\u00f3mplices de la violencia.<\/p>\n<p><i>\u00abTodos los d\u00edas le pegan mal, muchas veces lo dejan sin aire. La mam\u00e1 se queja constantemente, cambiaron al director como cinco veces, pero nadie hace nada\u00bb,<\/i> cont\u00f3 indignado por la situaci\u00f3n uno de sus compa\u00f1eros, que tambi\u00e9n se convirti\u00f3 en v\u00edctima de los alumnos por<i> \u00abmi vestimenta y personalidad\u00bb.<\/i><\/p>\n<p><i>\u00abYo lo defend\u00ed un d\u00eda y\u00a0a la salida me pegaron tres<\/i>\u00ab, asegur\u00f3 el joven. <i>\u00abLo voy a seguir haciendo aunque vengan entre 20 y me maten. Quiero que hagan algo por mi amigo, porque ya qued\u00f3 traumado de tantos golpes\u00bb<\/i>, pidi\u00f3 ayuda desesperado.<\/p>\n<p><iframe loading=\"lazy\" src=\"\/\/www.youtube.com\/embed\/rpKe8bS2xYM\" height=\"420\" width=\"580\" allowfullscreen=\"\" frameborder=\"0\"><\/iframe><\/p>\n","protected":false},"excerpt":{"rendered":"<p>Un alumno de una escuela de Wilde es ferozmente golpeado por sus compa\u00f1eros de clase. Al chico lo tienen de punto porque padece un retraso madurativo. Su mam\u00e1 realiz\u00f3 varias denuncias ante las autoridades del colegio, pero nadie hace nada.\u00a0Este grave hecho no es un caso aislado de falta de acciones por parte de las&hellip;<\/p>\n","protected":false},"author":1,"featured_media":0,"comment_status":"open","ping_status":"open","sticky":false,"template":"","format":"standard","meta":{"footnotes":""},"categories":[6],"tags":[366,371,461,175,272,320,36,882],"class_list":["post-36793","post","type-post","status-publish","format-standard","hentry","category-denuncias","tag-alumnos","tag-autoridades","tag-avellaneda","tag-denuncia","tag-discapacidad","tag-golpes","tag-maltrato","tag-wilde"],"_links":{"self":[{"href":"https:\/\/www.elsindical.com.ar\/notas\/wp-json\/wp\/v2\/posts\/36793","targetHints":{"allow":["GET"]}}],"collection":[{"href":"https:\/\/www.elsindical.com.ar\/notas\/wp-json\/wp\/v2\/posts"}],"about":[{"href":"https:\/\/www.elsindical.com.ar\/notas\/wp-json\/wp\/v2\/types\/post"}],"author":[{"embeddable":true,"href":"https:\/\/www.elsindical.com.ar\/notas\/wp-json\/wp\/v2\/users\/1"}],"replies":[{"embeddable":true,"href":"https:\/\/www.elsindical.com.ar\/notas\/wp-json\/wp\/v2\/comments?post=36793"}],"version-history":[{"count":3,"href":"https:\/\/www.elsindical.com.ar\/notas\/wp-json\/wp\/v2\/posts\/36793\/revisions"}],"predecessor-version":[{"id":36797,"href":"https:\/\/www.elsindical.com.ar\/notas\/wp-json\/wp\/v2\/posts\/36793\/revisions\/36797"}],"wp:attachment":[{"href":"https:\/\/www.elsindical.com.ar\/notas\/wp-json\/wp\/v2\/media?parent=36793"}],"wp:term":[{"taxonomy":"category","embeddable":true,"href":"https:\/\/www.elsindical.com.ar\/notas\/wp-json\/wp\/v2\/categories?post=36793"},{"taxonomy":"post_tag","embeddable":true,"href":"https:\/\/www.elsindical.com.ar\/notas\/wp-json\/wp\/v2\/tags?post=36793"}],"curies":[{"name":"wp","href":"https:\/\/api.w.org\/{rel}","templated":true}]}}