{"id":3677,"date":"2010-02-16T00:27:08","date_gmt":"2010-02-16T03:27:08","guid":{"rendered":"http:\/\/www.elsindical.com.ar\/notas\/?p=3677"},"modified":"2010-02-16T00:27:08","modified_gmt":"2010-02-16T03:27:08","slug":"denuncian-que-musa-azar-goza-de-privilegios-en-una-clinica-privada-portena","status":"publish","type":"post","link":"https:\/\/www.elsindical.com.ar\/notas\/denuncian-que-musa-azar-goza-de-privilegios-en-una-clinica-privada-portena\/","title":{"rendered":"Denuncian que Musa Azar goza de privilegios en una cl\u00ednica privada porte\u00f1a"},"content":{"rendered":"<p style=\"text-align: justify;\"><em><a href=\"http:\/\/www.elsindical.com.ar\/notas\/var\/www\/html\/notas\/wp-content\/uploads\/2010\/02\/Musa-Azar-sonriente.jpg\"><img loading=\"lazy\" decoding=\"async\" class=\"alignleft size-full wp-image-3678\" title=\"Musa-Azar-sonriente\" src=\"http:\/\/www.elsindical.com.ar\/notas\/var\/www\/html\/notas\/wp-content\/uploads\/2010\/02\/Musa-Azar-sonriente.jpg\" alt=\"\" width=\"198\" height=\"151\" \/><\/a>Distintas organizaciones de derechos humanos denunciaron que el ex represor Musa Azar, quien cumple una condena por el asesinato de un ganadero y el denominado doble crimen de La D\u00e1rsena, goza de privilegios en una cl\u00ednica privada en la que permanece internado.<\/em><\/p>\n<p>El considerado \u00abtemible\u00bb Musa Azar, que durante a\u00f1os dirigi\u00f3 la Secretar\u00eda de Informaciones y la denominada \u00abGestapo santiague\u00f1a\u00bb, permanece alojado en el Sanatorio Alberdi, ubicado en la zona norte de la Capital Federal, y fue sorprendido en fotograf\u00edas, dialogando con empleados y pacientes en la recepci\u00f3n del edificio.<\/p>\n<p>Las organizaciones de DD.HH. denunciaron que el ex represor se pasea por los pasillos y suele llegar a la vereda, sin custodia policial y sin esposas.<\/p>\n<p>En la misma denuncia se hace referencia a que el ex represor ocupa la habitaci\u00f3n 3, considerada VIP, con televisor, DVD y aire acondicionado, en la que recibe diariamente visitas de familiares, amigos y camaradas sin horarios.<\/p>\n<p>Musa Azar fue trasladado hace m\u00e1s de tres meses al centro privado de salud, a pedido de sus abogados defensores y a ra\u00edz de un cuadro diab\u00e9tico que padece hace bastante tiempo y que, seg\u00fan dijo, se iba a morir \u00abantes de finalizar el juicio oral\u00bb por el doble crimen de La D\u00e1rsena en la que fue condenado a prisi\u00f3n perpetua.<\/p>\n<p>Tras la denuncia de las organizaciones de derechos humanos, el fiscal federal Gustavo Gimena, anticip\u00f3 que solicitar\u00e1 una junta m\u00e9dica para Musa Azar y en caso de confirmarse que \u00abgoza de buena salud\u00bb ser\u00e1 trasladado a la prisi\u00f3n federal de Colonia Pintos, ubicada a 50 kil\u00f3metros al sur de la capital provincial.<\/p>\n<p>El presidente del Instituto Espacio de la Memoria, Luis Garay, denunci\u00f3 hoy que Musa Azar y todos los procesados por delitos de lesa humanidad \u00abdeben estar preso en c\u00e1rceles comunes, con condiciones de seguridad que impidan su fuga\u00bb.<\/p>\n<p>\u00abLos lugares de detenciones deben estar acordes a los delitos de lesa humanidad por los que est\u00e1n acusados y no deben gozar de privilegios ni de excarcelaciones, porque representa una incoherencia de la justicia\u00bb, a\u00f1adi\u00f3.<\/p>\n<p>Por su parte, la Asociaci\u00f3n por la Memoria, la Verdad y la Justicia, consider\u00f3 \u00abuna burla\u00bb las condiciones en las que Musa Azar permanece detenido y pidi\u00f3 que \u00absea alojado en prisi\u00f3n, en la que deben estar todos los procesados y condenados por delitos de lesa humanidad\u00bb.<\/p>\n<p>La misma organizaci\u00f3n y el fiscal Gimena, denunciaron la semana pasada al juez catamarque\u00f1o Luis Rodr\u00edguez Sa\u00edn por su negativa a integrar el tribunal que debe juzgar a ex represores de la \u00faltima dictadura militar imputados en el asesinato del estudiante universitario Cecilio Kamenetzky.<\/p>\n<p>El presidente de la Asociaci\u00f3n por la Defensa de los Derechos Humanos, Antenor Ferreyra, indic\u00f3 que la actitud de Rodr\u00edguez Sa\u00edn \u00abconfigura una denegaci\u00f3n de justicia por parte del fuero federal en Santiago del Estero\u00bb.<\/p>\n<p>\u00abEl magistrado se neg\u00f3 a integral el tribunal, pese a ser notificado e intimado para que asuma el cargo por la C\u00e1mara Nacional de Casaci\u00f3n Penal y por el Consejo de la Magistratura\u00bb, explic\u00f3.<\/p>\n<p>Se trata de la primera causa de lesa humanidad, elevada a juicio oral por el juez federal Guillermo Molinari, en el que se hallan acusados los ex militares Jorge Videla, Luciano Benjam\u00edn Men\u00e9ndez y Domingo Bussi; los ex comisarios santiague\u00f1os Musa Azar, Miguel Tom\u00e1s Garbi y Ramiro L\u00f3pez, entre otros.<\/p>\n<p>De acuerdo a la instrucci\u00f3n, Kamenetzky, estudiante de abogac\u00eda fue detenido el 9 de agosto de 1976, en su c\u00e9ntrica casa de avenida Roca al 1.100 y tras permanecer varios d\u00edas en el Departamento Informaciones Policiales (D 2), fue alojado en el Penal de Varones de Santiago del Estero.<\/p>\n<p>El 7 de noviembre del mismo a\u00f1o, el joven universitario fue asesinado en un cuestionado intento de fuga o copamiento a una dependencia policial, a la que hab\u00eda sido traslado junto a otro estudiante, Mario Alejandro Giribaldi, quien tambi\u00e9n figura en la lista de \u00abdesaparecidos\u00bb.<\/p>\n<p>Por el asesinato de Kamenetzky, los ex militares Videla, Bussi y Men\u00e9ndez y los altos funcionarios policiales provinciales, fueron procesados por los presuntos delitos de \u00aballanamiento ilegal de domicilio, privaci\u00f3n ileg\u00edtima de la libertad agravada y homicidio calificado por alevos\u00eda con el concurso premeditado de dos o m\u00e1s personas\u00bb.<\/p>\n<p>Asimismo, se encuentran pendientes de resoluci\u00f3n otros procesos judiciales iniciados contra el ex jefe de Inteligencia santiague\u00f1o, Musa Azar y ex funcionarios policiales, que fueron procesados y embargados sus bienes por \u00abtorturas\u00bb aplicadas a opositores del ex gobernador Carlos Ju\u00e1rez, antes del golpe de 1976.<\/p>\n<p>Dirigentes de la Asociaci\u00f3n por la Memoria, Verdad y Justicia, denunciaron que en Santiago del Estero \u00aba\u00fan se espera respuestas de la justicia por 144 desaparecidos y 33 querellas\u00bb.<\/p>\n","protected":false},"excerpt":{"rendered":"<p>Distintas organizaciones de derechos humanos denunciaron que el ex represor Musa Azar, quien cumple una condena por el asesinato de un ganadero y el denominado doble crimen de La D\u00e1rsena, goza de privilegios en una cl\u00ednica privada en la que permanece internado. El considerado \u00abtemible\u00bb Musa Azar, que durante a\u00f1os dirigi\u00f3 la Secretar\u00eda de Informaciones&hellip;<\/p>\n","protected":false},"author":1,"featured_media":0,"comment_status":"open","ping_status":"open","sticky":false,"template":"","format":"standard","meta":{"footnotes":""},"categories":[6],"tags":[639,751,1469,91,1917,41,1916,1918],"class_list":["post-3677","post","type-post","status-publish","format-standard","hentry","category-denuncias","tag-clinica","tag-condenado","tag-custodia","tag-detenido","tag-esposado","tag-justicia","tag-musa-azar","tag-represor"],"_links":{"self":[{"href":"https:\/\/www.elsindical.com.ar\/notas\/wp-json\/wp\/v2\/posts\/3677","targetHints":{"allow":["GET"]}}],"collection":[{"href":"https:\/\/www.elsindical.com.ar\/notas\/wp-json\/wp\/v2\/posts"}],"about":[{"href":"https:\/\/www.elsindical.com.ar\/notas\/wp-json\/wp\/v2\/types\/post"}],"author":[{"embeddable":true,"href":"https:\/\/www.elsindical.com.ar\/notas\/wp-json\/wp\/v2\/users\/1"}],"replies":[{"embeddable":true,"href":"https:\/\/www.elsindical.com.ar\/notas\/wp-json\/wp\/v2\/comments?post=3677"}],"version-history":[{"count":2,"href":"https:\/\/www.elsindical.com.ar\/notas\/wp-json\/wp\/v2\/posts\/3677\/revisions"}],"predecessor-version":[{"id":3680,"href":"https:\/\/www.elsindical.com.ar\/notas\/wp-json\/wp\/v2\/posts\/3677\/revisions\/3680"}],"wp:attachment":[{"href":"https:\/\/www.elsindical.com.ar\/notas\/wp-json\/wp\/v2\/media?parent=3677"}],"wp:term":[{"taxonomy":"category","embeddable":true,"href":"https:\/\/www.elsindical.com.ar\/notas\/wp-json\/wp\/v2\/categories?post=3677"},{"taxonomy":"post_tag","embeddable":true,"href":"https:\/\/www.elsindical.com.ar\/notas\/wp-json\/wp\/v2\/tags?post=3677"}],"curies":[{"name":"wp","href":"https:\/\/api.w.org\/{rel}","templated":true}]}}