{"id":36762,"date":"2013-08-14T11:43:56","date_gmt":"2013-08-14T14:43:56","guid":{"rendered":"http:\/\/www.elsindical.com.ar\/notas\/?p=36762"},"modified":"2013-08-14T11:43:56","modified_gmt":"2013-08-14T14:43:56","slug":"la-matanzadetuvieron-a-un-sospechoso-por-el-crimen-de-un-policia-aeroportuario","status":"publish","type":"post","link":"https:\/\/www.elsindical.com.ar\/notas\/la-matanzadetuvieron-a-un-sospechoso-por-el-crimen-de-un-policia-aeroportuario\/","title":{"rendered":"La Matanza:Detuvieron a un sospechoso por el crimen de un polic\u00eda aeroportuario"},"content":{"rendered":"<div>\n<p><em><a href=\"http:\/\/www.elsindical.com.ar\/notas\/var\/www\/html\/notas\/wp-content\/uploads\/2010\/06\/disparo-pistola.jpg\"><img loading=\"lazy\" decoding=\"async\" class=\"alignnone size-full wp-image-7054\" alt=\"disparo-pistola\" src=\"http:\/\/www.elsindical.com.ar\/notas\/var\/www\/html\/notas\/wp-content\/uploads\/2010\/06\/disparo-pistola.jpg\" width=\"227\" height=\"191\" \/><\/a>Un joven de 25 a\u00f1os acudi\u00f3 a un hospital y dijo que hab\u00eda sido herido de bala en un<strong> intento de asalto<\/strong>. Creen que se trata del delincuente que se tirote\u00f3 con un<strong> ex agente de la PSA<\/strong>, quien <strong>muri\u00f3<\/strong> horas despu\u00e9s en Ciudad Evita.\u00a0<\/em><\/p>\n<\/div>\n<div>\n<p dir=\"ltr\">La Polic\u00eda de la provincia de Buenos Aires aprehendi\u00f3 en las \u00faltimas horas en una cl\u00ednica privada de San Justo a un sujeto acusado de participar en el enfrentamiento armado que finaliz\u00f3 con la muerte de un oficial retirado de la <strong>Polic\u00eda de Seguridad Aeroportuaria (PSA)<\/strong> en Ciudad Evita.<\/p>\n<p dir=\"ltr\">El sujeto, de 25 a\u00f1os, arrib\u00f3 al sanatorio para atenderse por una <strong>herida de bala<\/strong> en su muslo izquierdo que, seg\u00fan coment\u00f3, hab\u00eda sufrido en un<strong> intento de robo.<\/strong><\/p>\n<p dir=\"ltr\">El individuo -que fue capturado por efectivos de la comisar\u00eda La Matanza Este 3\u00b0 tambi\u00e9n se hab\u00eda acercado con el mismo argumento hasta el Hospital Paroissien de Isidro Casanova, pero escap\u00f3 del lugar ante un descuido de los m\u00e9dicos luego de que \u00e9stos le manifestaran que deb\u00edan informar a la Polic\u00eda sobre el supuesto delito del que hab\u00eda sido v\u00edctima.<\/p>\n<p dir=\"ltr\">El delincuente est\u00e1 \u00a0acusado del crimen del <strong>Gustavo Quiroga<\/strong> (47), quien falleci\u00f3 en un sanatorio privado de Ciudad Evita tras recibir un disparo en una de sus piernas al mantener un enfrentamiento armado con tres sujetos que<strong> le quisieron robar su autom\u00f3vil.<\/strong><\/p>\n<p dir=\"ltr\">Quiroga fue asesinado de un balazo al resistirse a un asalto cuando entraba con su esposa a su casa de la localidad bonaerense de Ciudad Evita.<\/p>\n<p dir=\"ltr\">Fuentes policiales informaron que el caso ocurri\u00f3 a las<strong> 20:30 de ayer<\/strong>, cuando el ex agente de la Polic\u00eda de Seguridad Aeroportuaria llegaba con su mujer a su casa situada en El Vigu\u00e1 y La Picanilla, en el partido de La Matanza.<\/p>\n<p dir=\"ltr\">Los voceros explicaron que Quiroga baj\u00f3 con su mujer de su veh\u00edculo Citro\u00ebn C3, momento en el cual aparecieron en el lugar al menos tres sujetos armados,\u00a0quienes hab\u00edan llegado caminando, y amenazaron al agente retirado para robarle, pero el hombre extrajo una pistola calibre 9 mil\u00edmetros y<strong> enfrent\u00f3 a los delincuentes.<\/strong><\/p>\n<p dir=\"ltr\">Los informantes indicaron que se origin\u00f3 un tiroteo entre el polic\u00eda y los malhechores que culmin\u00f3 cuando el agente recibi\u00f3 un balazo en la pierna derecha y <strong>cay\u00f3 herido<\/strong>.<\/p>\n<p dir=\"ltr\">Esa circunstancia fue aprovechada por los intrusos para escapar de la vivienda sin llegar a robar, explicaron las fuentes.<\/p>\n<p dir=\"ltr\">En tanto, la mujer de Quiroga llam\u00f3 al 911 y a los pocos minutos una ambulancia traslad\u00f3 al hombre al hospital de Cuidad Evita, donde fue llevado de urgencia al quir\u00f3fano. Seg\u00fan se inform\u00f3, a poco de haber ingresado, la v\u00edctima, quien tuvo como \u00faltimo destino el Aeropuerto internacional de Ezeiza, falleci\u00f3 por la<strong> gran cantidad de sangre<\/strong> que perdi\u00f3 por la herida en la pierna.<\/p>\n<p dir=\"ltr\">Interviene en la causa la UFI en turno del Departamento Judicial La Matanza.<\/p>\n<\/div>\n","protected":false},"excerpt":{"rendered":"<p>Un joven de 25 a\u00f1os acudi\u00f3 a un hospital y dijo que hab\u00eda sido herido de bala en un intento de asalto. Creen que se trata del delincuente que se tirote\u00f3 con un ex agente de la PSA, quien muri\u00f3 horas despu\u00e9s en Ciudad Evita.\u00a0 La Polic\u00eda de la provincia de Buenos Aires aprehendi\u00f3 en&hellip;<\/p>\n","protected":false},"author":1,"featured_media":0,"comment_status":"open","ping_status":"open","sticky":false,"template":"","format":"standard","meta":{"footnotes":""},"categories":[22],"tags":[39,91,16777,149,839],"class_list":["post-36762","post","type-post","status-publish","format-standard","hentry","category-policiales","tag-asesinado","tag-detenido","tag-gustavo-quiroga","tag-hospital","tag-psa"],"_links":{"self":[{"href":"https:\/\/www.elsindical.com.ar\/notas\/wp-json\/wp\/v2\/posts\/36762","targetHints":{"allow":["GET"]}}],"collection":[{"href":"https:\/\/www.elsindical.com.ar\/notas\/wp-json\/wp\/v2\/posts"}],"about":[{"href":"https:\/\/www.elsindical.com.ar\/notas\/wp-json\/wp\/v2\/types\/post"}],"author":[{"embeddable":true,"href":"https:\/\/www.elsindical.com.ar\/notas\/wp-json\/wp\/v2\/users\/1"}],"replies":[{"embeddable":true,"href":"https:\/\/www.elsindical.com.ar\/notas\/wp-json\/wp\/v2\/comments?post=36762"}],"version-history":[{"count":1,"href":"https:\/\/www.elsindical.com.ar\/notas\/wp-json\/wp\/v2\/posts\/36762\/revisions"}],"predecessor-version":[{"id":36763,"href":"https:\/\/www.elsindical.com.ar\/notas\/wp-json\/wp\/v2\/posts\/36762\/revisions\/36763"}],"wp:attachment":[{"href":"https:\/\/www.elsindical.com.ar\/notas\/wp-json\/wp\/v2\/media?parent=36762"}],"wp:term":[{"taxonomy":"category","embeddable":true,"href":"https:\/\/www.elsindical.com.ar\/notas\/wp-json\/wp\/v2\/categories?post=36762"},{"taxonomy":"post_tag","embeddable":true,"href":"https:\/\/www.elsindical.com.ar\/notas\/wp-json\/wp\/v2\/tags?post=36762"}],"curies":[{"name":"wp","href":"https:\/\/api.w.org\/{rel}","templated":true}]}}